{"id":12382,"date":"2019-07-28T16:14:10","date_gmt":"2019-07-28T14:14:10","guid":{"rendered":"http:\/\/lesmaconsdelacreuse.fr\/annuaire\/?p=12382"},"modified":"2020-10-12T13:43:45","modified_gmt":"2020-10-12T11:43:45","slug":"t_220","status":"publish","type":"post","link":"https:\/\/www.lesmaconsdelacreuse.fr\/annuaires\/lettre-t\/t_220\/","title":{"rendered":"TIQUET L\u00e9onard (1822-1871)"},"content":{"rendered":"<p class=\"last-updated\"><strong>Mis \u00e0 jour le :<\/strong> 29\/04\/2026<\/p><h2 style=\"text-align: center;\"><strong>L\u00e9onard TIQUET<\/strong><\/h2>\n<p style=\"text-align: center;\"><strong>1822 \u2013 1871<\/strong><\/p>\n<p style=\"text-align: center;\"><img decoding=\"async\" title=\"\" src=\"https:\/\/lesmaconsdelacreuse.fr\/annuaire\/wp-content\/uploads\/2019\/07\/image1-2948.jpg\" alt=\"\" data-asset-id=\"12381\" data-source-id=\"i.0\" \/><\/p>\n<h4 style=\"text-align: center;\"><span style=\"color: #008000;\"><strong>ma\u00e7on <\/strong>et <strong>cultivateur \u25ba<a href=\"https:\/\/www.lesmaconsdelacreuse.fr\/annuaires\/wp-content\/uploads\/2020\/08\/COLON-COLON-PARTIAIRE.png\" target=\"_blank\" rel=\"noopener noreferrer\"><span style=\"color: #008000;\">colon<\/span><\/a><br \/>\n<\/strong><\/span><\/h4>\n<p>&nbsp;<\/p>\n<p style=\"text-align: center;\">n\u00e9 \u00e0 Artens (Peyrat-le-Ch\u00e2teau &#8211; 87)<\/p>\n<p style=\"text-align: center;\">le 16 ao\u00fbt 1822<\/p>\n<p style=\"text-align: center;\">fils de<\/p>\n<p style=\"text-align: center;\">L\u00e9onard TIQUET \/ Marie CARPE<\/p>\n<p style=\"text-align: center;\">cultivateurs<\/p>\n<p style=\"text-align: center;\"><span style=\"color: #ffffff;\">\u25d9<\/span><\/p>\n<p><em>L\u00e9onard \u00e9pouse Marie <\/em><strong>GADINAUD<\/strong><em> le 16 f\u00e9vrier <\/em><strong>1841<\/strong><em> \u00e0 Saint-Moreil.<\/em><\/p>\n<p><em> Ils habitent le bourg de Saint-Moreil o\u00f9 Marie d\u00e9c\u00e8de le 8 octobre <\/em><strong>1861<\/strong><em>, \u00e2g\u00e9e de 44 ans. <\/em><\/p>\n<p><em>L\u00e9onard se remarie avec Fran\u00e7oise <\/em><strong>MAZEAU<\/strong><em>, servante, le 10 mars <\/em><strong>1863<\/strong><em> \u00e0 Saint-Moreil (contrat Nony \u00e0 Eymoutiers \u2013 87). <\/em><\/p>\n<p><em>Il d\u00e9c\u00e8de le 2 juillet <\/em><strong>1871<\/strong><em> au Mazeau, commune de Bujaleuf (87) o\u00f9 il est colon avec son \u00e9pouse, \u00e2g\u00e9 de 48 ans.<\/em><\/p>\n<p>&nbsp;<\/p>\n","protected":false},"excerpt":{"rendered":"<p>Mis \u00e0 jour le : 29\/04\/2026L\u00e9onard TIQUET 1822 \u2013 1871 ma\u00e7on et cultivateur \u25bacolon &nbsp; n\u00e9 \u00e0 Artens (Peyrat-le-Ch\u00e2teau &#8211; 87) le 16 ao\u00fbt 1822 fils de L\u00e9onard TIQUET \/ Marie CARPE cultivateurs \u25d9 L\u00e9onard \u00e9pouse Marie GADINAUD le 16 f\u00e9vrier 1841 \u00e0 Saint-Moreil. Ils habitent le bourg de Saint-Moreil o\u00f9 Marie d\u00e9c\u00e8de le 8 ..<\/p>\n<div class=\"clear-fix\"><\/div>\n<p><a href=\"https:\/\/www.lesmaconsdelacreuse.fr\/annuaires\/lettre-t\/t_220\/\" title=\"Lire la suite...\">Lire la suite<\/a><\/p>\n","protected":false},"author":2,"featured_media":0,"comment_status":"closed","ping_status":"closed","sticky":false,"template":"","format":"standard","meta":{"_acf_changed":false,"_exactmetrics_skip_tracking":false,"_exactmetrics_sitenote_active":false,"_exactmetrics_sitenote_note":"","_exactmetrics_sitenote_category":0,"footnotes":""},"categories":[13],"tags":[],"class_list":["post-12382","post","type-post","status-publish","format-standard","hentry","category-lettre-t"],"acf":[],"_links":{"self":[{"href":"https:\/\/www.lesmaconsdelacreuse.fr\/annuaires\/wp-json\/wp\/v2\/posts\/12382","targetHints":{"allow":["GET"]}}],"collection":[{"href":"https:\/\/www.lesmaconsdelacreuse.fr\/annuaires\/wp-json\/wp\/v2\/posts"}],"about":[{"href":"https:\/\/www.lesmaconsdelacreuse.fr\/annuaires\/wp-json\/wp\/v2\/types\/post"}],"author":[{"embeddable":true,"href":"https:\/\/www.lesmaconsdelacreuse.fr\/annuaires\/wp-json\/wp\/v2\/users\/2"}],"replies":[{"embeddable":true,"href":"https:\/\/www.lesmaconsdelacreuse.fr\/annuaires\/wp-json\/wp\/v2\/comments?post=12382"}],"version-history":[{"count":0,"href":"https:\/\/www.lesmaconsdelacreuse.fr\/annuaires\/wp-json\/wp\/v2\/posts\/12382\/revisions"}],"wp:attachment":[{"href":"https:\/\/www.lesmaconsdelacreuse.fr\/annuaires\/wp-json\/wp\/v2\/media?parent=12382"}],"wp:term":[{"taxonomy":"category","embeddable":true,"href":"https:\/\/www.lesmaconsdelacreuse.fr\/annuaires\/wp-json\/wp\/v2\/categories?post=12382"},{"taxonomy":"post_tag","embeddable":true,"href":"https:\/\/www.lesmaconsdelacreuse.fr\/annuaires\/wp-json\/wp\/v2\/tags?post=12382"}],"curies":[{"name":"wp","href":"https:\/\/api.w.org\/{rel}","templated":true}]}}