{"id":12386,"date":"2019-07-28T16:14:09","date_gmt":"2019-07-28T14:14:09","guid":{"rendered":"http:\/\/lesmaconsdelacreuse.fr\/annuaire\/?p=12386"},"modified":"2020-01-20T11:23:56","modified_gmt":"2020-01-20T10:23:56","slug":"t_230","status":"publish","type":"post","link":"https:\/\/www.lesmaconsdelacreuse.fr\/annuaires\/lettre-t\/t_230\/","title":{"rendered":"TEXIER Auguste (1897-1976)"},"content":{"rendered":"<p class=\"last-updated\"><strong>Mis \u00e0 jour le :<\/strong> 29\/04\/2026<\/p><h2 style=\"text-align: center;\"><strong>Auguste TEXIER<\/strong><\/h2>\n<p style=\"text-align: center;\"><strong>1897 \u2013 1976<\/strong><\/p>\n<p style=\"text-align: center;\"><img decoding=\"async\" title=\"\" src=\"https:\/\/lesmaconsdelacreuse.fr\/annuaire\/wp-content\/uploads\/2019\/07\/image1-2949.jpg\" alt=\"\" data-asset-id=\"12385\" data-source-id=\"i.0\" \/><\/p>\n<h4 style=\"text-align: center;\"><span style=\"color: #008000;\"><strong>ma\u00e7on<\/strong><\/span><\/h4>\n<p style=\"text-align: center;\">n\u00e9 \u00e0 Fafreix (Peyrat-le-Ch\u00e2teau &#8211; 87)<\/p>\n<p style=\"text-align: center;\">le 20 mai 1897<\/p>\n<p style=\"text-align: center;\">fils de<\/p>\n<p style=\"text-align: center;\">Jean TEXIER \/ Anne MATHIEU<\/p>\n<p style=\"text-align: center;\">cultivateurs<\/p>\n<p style=\"text-align: center;\"><span style=\"color: #ffffff;\">\u25d9<\/span><\/p>\n<p><em>Auguste habite Favareillas, commune de Saint-Martin-Ch\u00e2teau, avec son p\u00e8re. <\/em><\/p>\n<p><strong>En 1921<\/strong><em>, il travaille \u00e0 <\/em><span style=\"color: #0000ff;\"><strong>Thierville (55)<\/strong><\/span><em>, logeant \u00e0 Jardin-Fontaine.<\/em><\/p>\n<p><em> Il \u00e9pouse Marie Florentine <\/em><strong>LEBLANC<\/strong><em> le 9 f\u00e9vrier <\/em><strong>1924<\/strong><em> \u00e0 Saint-Martin (mari\u00e9s sans contrat).<\/em><\/p>\n<p><strong>De 1929 \u00e0 1932<\/strong> <em>au moins<\/em>,<em> Il habite <\/em><span style=\"color: #0000ff;\"><strong>Vaulx-en-Velin (69)<\/strong><\/span><em>\u00a0, place Antoine Saunier.<\/em><\/p>\n<p><em> Il d\u00e9c\u00e8de \u00e0 <\/em><span style=\"color: #0000ff;\"><strong>Bron (69)<\/strong><\/span><em> le 15 f\u00e9vrier <\/em><strong>1976<\/strong><em>, \u00e2g\u00e9 de 78 ans.<\/em><\/p>\n","protected":false},"excerpt":{"rendered":"<p>Mis \u00e0 jour le : 29\/04\/2026Auguste TEXIER 1897 \u2013 1976 ma\u00e7on n\u00e9 \u00e0 Fafreix (Peyrat-le-Ch\u00e2teau &#8211; 87) le 20 mai 1897 fils de Jean TEXIER \/ Anne MATHIEU cultivateurs \u25d9 Auguste habite Favareillas, commune de Saint-Martin-Ch\u00e2teau, avec son p\u00e8re. En 1921, il travaille \u00e0 Thierville (55), logeant \u00e0 Jardin-Fontaine. Il \u00e9pouse Marie Florentine LEBLANC le ..<\/p>\n<div class=\"clear-fix\"><\/div>\n<p><a href=\"https:\/\/www.lesmaconsdelacreuse.fr\/annuaires\/lettre-t\/t_230\/\" title=\"Lire la suite...\">Lire la suite<\/a><\/p>\n","protected":false},"author":2,"featured_media":0,"comment_status":"closed","ping_status":"closed","sticky":false,"template":"","format":"standard","meta":{"_acf_changed":false,"_exactmetrics_skip_tracking":false,"_exactmetrics_sitenote_active":false,"_exactmetrics_sitenote_note":"","_exactmetrics_sitenote_category":0,"footnotes":""},"categories":[13],"tags":[],"class_list":["post-12386","post","type-post","status-publish","format-standard","hentry","category-lettre-t"],"acf":[],"_links":{"self":[{"href":"https:\/\/www.lesmaconsdelacreuse.fr\/annuaires\/wp-json\/wp\/v2\/posts\/12386","targetHints":{"allow":["GET"]}}],"collection":[{"href":"https:\/\/www.lesmaconsdelacreuse.fr\/annuaires\/wp-json\/wp\/v2\/posts"}],"about":[{"href":"https:\/\/www.lesmaconsdelacreuse.fr\/annuaires\/wp-json\/wp\/v2\/types\/post"}],"author":[{"embeddable":true,"href":"https:\/\/www.lesmaconsdelacreuse.fr\/annuaires\/wp-json\/wp\/v2\/users\/2"}],"replies":[{"embeddable":true,"href":"https:\/\/www.lesmaconsdelacreuse.fr\/annuaires\/wp-json\/wp\/v2\/comments?post=12386"}],"version-history":[{"count":0,"href":"https:\/\/www.lesmaconsdelacreuse.fr\/annuaires\/wp-json\/wp\/v2\/posts\/12386\/revisions"}],"wp:attachment":[{"href":"https:\/\/www.lesmaconsdelacreuse.fr\/annuaires\/wp-json\/wp\/v2\/media?parent=12386"}],"wp:term":[{"taxonomy":"category","embeddable":true,"href":"https:\/\/www.lesmaconsdelacreuse.fr\/annuaires\/wp-json\/wp\/v2\/categories?post=12386"},{"taxonomy":"post_tag","embeddable":true,"href":"https:\/\/www.lesmaconsdelacreuse.fr\/annuaires\/wp-json\/wp\/v2\/tags?post=12386"}],"curies":[{"name":"wp","href":"https:\/\/api.w.org\/{rel}","templated":true}]}}