{"id":12397,"date":"2019-07-28T16:14:09","date_gmt":"2019-07-28T14:14:09","guid":{"rendered":"http:\/\/lesmaconsdelacreuse.fr\/annuaire\/?p=12397"},"modified":"2020-10-09T08:54:43","modified_gmt":"2020-10-09T06:54:43","slug":"t_240","status":"publish","type":"post","link":"https:\/\/www.lesmaconsdelacreuse.fr\/annuaires\/lettre-t\/t_240\/","title":{"rendered":"TEXIER Fran\u00e7ois (1892-1969)"},"content":{"rendered":"<p class=\"last-updated\"><strong>Mis \u00e0 jour le :<\/strong> 29\/04\/2026<\/p><h2 style=\"text-align: center;\"><strong>Fran\u00e7ois TEXIER<\/strong><\/h2>\n<p style=\"text-align: center;\"><strong>1892 \u2013 1969<\/strong><\/p>\n<p style=\"text-align: center;\"><img decoding=\"async\" title=\"\" src=\"https:\/\/lesmaconsdelacreuse.fr\/annuaire\/wp-content\/uploads\/2019\/07\/image1-2954.jpg\" alt=\"\" data-asset-id=\"12396\" data-source-id=\"i.0\" \/><\/p>\n<h4 style=\"text-align: center;\"><span style=\"color: #008000;\"><strong>ma\u00e7on<\/strong><\/span><\/h4>\n<p>&nbsp;<\/p>\n<p style=\"text-align: center;\">n\u00e9 \u00e0 N\u00e9grignat (Augne &#8211; 87)<\/p>\n<p style=\"text-align: center;\">le 1er f\u00e9vrier 1892<\/p>\n<p style=\"text-align: center;\">fils de<\/p>\n<p style=\"text-align: center;\">Jean TEXIER \/ Marie-Anne MATHIEU<\/p>\n<p style=\"text-align: center;\">\u25ba<a href=\"https:\/\/www.lesmaconsdelacreuse.fr\/annuaires\/wp-content\/uploads\/2020\/08\/FERMIER-M\u00c9TAYER.png\" target=\"_blank\" rel=\"noopener noreferrer\">fermiers<\/a><\/p>\n<p style=\"text-align: center;\"><span style=\"color: #ffffff;\">\u25d9<\/span><\/p>\n<p><strong>En 1913<\/strong><em>, Fran\u00e7ois domicili\u00e9 \u00e0 Langladure, commune de Roy\u00e8re, avec son p\u00e8re, travaille dans le <\/em><span style=\"color: #0000ff;\"><strong>Rh\u00f4ne<\/strong><\/span><em>, et y passe le conseil de r\u00e9vision.<\/em><\/p>\n<p><strong>En 1920<\/strong><em>, il est \u00e0 <\/em><span style=\"color: #0000ff;\"><strong>Verdun (55)<\/strong><\/span><em>. <\/em><\/p>\n<p><em> Il \u00e9pouse Jeanne Augustine <\/em><strong>PORTIER<\/strong><em> le 23 mars <\/em><strong>1926<\/strong><em> \u00e0 Roy\u00e8re (contrat Toumieux).<\/em><\/p>\n<p><em> Il habite ensuite <\/em><span style=\"color: #0000ff;\"><strong>Vaulx-en-Velin (69)<\/strong><\/span><em>\u00a0:<\/em><\/p>\n<p><strong>en 1928<\/strong><em>, rue Palud, maison Amblard\u00a0;<\/em><\/p>\n<p><strong>en 1932<\/strong><em>, rue Lavoisier. <\/em><\/p>\n<p><em>Les \u00e9poux d\u00e9c\u00e8dent \u00e0 <\/em><span style=\"color: #0000ff;\"><strong>Villeurbanne (69)<\/strong><\/span><em>\u00a0:<\/em><\/p>\n<ul>\n<li><em> Fran\u00e7ois, le 15 avril <\/em><strong>1969<\/strong> <em>\u00e2g\u00e9 de 77 ans<\/em><\/li>\n<li><em> Jeanne, le 4 avril <\/em><strong>1972<\/strong><em>, \u00e2g\u00e9e de 74 ans<\/em><\/li>\n<\/ul>\n<p>&nbsp;<\/p>\n","protected":false},"excerpt":{"rendered":"<p>Mis \u00e0 jour le : 29\/04\/2026Fran\u00e7ois TEXIER 1892 \u2013 1969 ma\u00e7on &nbsp; n\u00e9 \u00e0 N\u00e9grignat (Augne &#8211; 87) le 1er f\u00e9vrier 1892 fils de Jean TEXIER \/ Marie-Anne MATHIEU \u25bafermiers \u25d9 En 1913, Fran\u00e7ois domicili\u00e9 \u00e0 Langladure, commune de Roy\u00e8re, avec son p\u00e8re, travaille dans le Rh\u00f4ne, et y passe le conseil de r\u00e9vision. En ..<\/p>\n<div class=\"clear-fix\"><\/div>\n<p><a href=\"https:\/\/www.lesmaconsdelacreuse.fr\/annuaires\/lettre-t\/t_240\/\" title=\"Lire la suite...\">Lire la suite<\/a><\/p>\n","protected":false},"author":2,"featured_media":0,"comment_status":"closed","ping_status":"closed","sticky":false,"template":"","format":"standard","meta":{"_acf_changed":false,"_exactmetrics_skip_tracking":false,"_exactmetrics_sitenote_active":false,"_exactmetrics_sitenote_note":"","_exactmetrics_sitenote_category":0,"footnotes":""},"categories":[13],"tags":[],"class_list":["post-12397","post","type-post","status-publish","format-standard","hentry","category-lettre-t"],"acf":[],"_links":{"self":[{"href":"https:\/\/www.lesmaconsdelacreuse.fr\/annuaires\/wp-json\/wp\/v2\/posts\/12397","targetHints":{"allow":["GET"]}}],"collection":[{"href":"https:\/\/www.lesmaconsdelacreuse.fr\/annuaires\/wp-json\/wp\/v2\/posts"}],"about":[{"href":"https:\/\/www.lesmaconsdelacreuse.fr\/annuaires\/wp-json\/wp\/v2\/types\/post"}],"author":[{"embeddable":true,"href":"https:\/\/www.lesmaconsdelacreuse.fr\/annuaires\/wp-json\/wp\/v2\/users\/2"}],"replies":[{"embeddable":true,"href":"https:\/\/www.lesmaconsdelacreuse.fr\/annuaires\/wp-json\/wp\/v2\/comments?post=12397"}],"version-history":[{"count":0,"href":"https:\/\/www.lesmaconsdelacreuse.fr\/annuaires\/wp-json\/wp\/v2\/posts\/12397\/revisions"}],"wp:attachment":[{"href":"https:\/\/www.lesmaconsdelacreuse.fr\/annuaires\/wp-json\/wp\/v2\/media?parent=12397"}],"wp:term":[{"taxonomy":"category","embeddable":true,"href":"https:\/\/www.lesmaconsdelacreuse.fr\/annuaires\/wp-json\/wp\/v2\/categories?post=12397"},{"taxonomy":"post_tag","embeddable":true,"href":"https:\/\/www.lesmaconsdelacreuse.fr\/annuaires\/wp-json\/wp\/v2\/tags?post=12397"}],"curies":[{"name":"wp","href":"https:\/\/api.w.org\/{rel}","templated":true}]}}