{"id":12401,"date":"2019-07-28T16:14:09","date_gmt":"2019-07-28T14:14:09","guid":{"rendered":"http:\/\/lesmaconsdelacreuse.fr\/annuaire\/?p=12401"},"modified":"2020-09-28T17:36:31","modified_gmt":"2020-09-28T15:36:31","slug":"t_218","status":"publish","type":"post","link":"https:\/\/www.lesmaconsdelacreuse.fr\/annuaires\/lettre-t\/t_218\/","title":{"rendered":"TIQUET Fran\u00e7ois (1827-1891)"},"content":{"rendered":"<p class=\"last-updated\"><strong>Mis \u00e0 jour le :<\/strong> 29\/04\/2026<\/p><h2 style=\"text-align: center;\"><strong>Fran\u00e7ois TIQUET<\/strong><\/h2>\n<p style=\"text-align: center;\"><strong>1827 \u2013 1891<\/strong><\/p>\n<p style=\"text-align: center;\"><img decoding=\"async\" title=\"\" src=\"https:\/\/lesmaconsdelacreuse.fr\/annuaire\/wp-content\/uploads\/2019\/07\/image1-2956.jpg\" alt=\"\" data-asset-id=\"12399\" data-source-id=\"i.0\" \/><\/p>\n<h4 style=\"text-align: center;\"><span style=\"color: #008000;\"><strong>ma\u00e7on <\/strong>et<strong> sabotier<\/strong><strong>; <\/strong><strong>propri\u00e9taire cultivateur<\/strong><\/span><\/h4>\n<p>&nbsp;<\/p>\n<p style=\"text-align: center;\">n\u00e9 au Massadour (Saint-Pardoux-Lavaud)<\/p>\n<p style=\"text-align: center;\">le 27 octobre 1827<\/p>\n<p style=\"text-align: center;\">fils de<\/p>\n<p style=\"text-align: center;\">Louis TIQUET, <span style=\"color: #008000;\"><strong>ma\u00e7on<\/strong><\/span><\/p>\n<p style=\"text-align: center;\">Catherine PATAUD, cultivatrice<\/p>\n<p style=\"text-align: center;\"><span style=\"color: #ffffff;\">\u25d9<\/span><\/p>\n<p><strong>En 1848<\/strong><em>, Fran\u00e7ois, ayant une fracture aux deux jambes, est exempt\u00e9 de service militaire.<\/em><\/p>\n<p><em>Il \u00e9pouse Catherine <\/em><strong>PATAUD<\/strong><em> (sic) le 12 f\u00e9vrier <\/em><strong>1855<\/strong><em> \u00e0 Morterolles. Ils habitent La Vedrenne, commune de Saint-Pardoux.<\/em><\/p>\n<p>En octobre<em> de la m\u00eame ann\u00e9e, Fran\u00e7ois est incarc\u00e9r\u00e9 pendant quinze jours pour vol dans la \u25ba<a href=\"https:\/\/www.lesmaconsdelacreuse.fr\/annuaires\/wp-content\/uploads\/2020\/08\/PRISON-SAINT-PAUL.png\" target=\"_blank\" rel=\"noopener noreferrer\">prison Saint-Paul<\/a> de <\/em><span style=\"color: #0000ff;\"><strong>Lyon (69)<\/strong><em>.<\/em><\/span><\/p>\n<p><em>Les \u00e9poux d\u00e9c\u00e8dent \u00e0 La Vedrenne\u00a0:<\/em><\/p>\n<ul>\n<li><em>Fran\u00e7ois, le 14 mai <\/em><strong>1891<\/strong><em>, \u00e2g\u00e9 de 63 ans<\/em><\/li>\n<li><em>Catherine, le 30 mai <\/em><strong>1917<\/strong><em>, \u00e2g\u00e9e de 89 ans<\/em><\/li>\n<\/ul>\n<p>&nbsp;<\/p>\n","protected":false},"excerpt":{"rendered":"<p>Mis \u00e0 jour le : 29\/04\/2026Fran\u00e7ois TIQUET 1827 \u2013 1891 ma\u00e7on et sabotier; propri\u00e9taire cultivateur &nbsp; n\u00e9 au Massadour (Saint-Pardoux-Lavaud) le 27 octobre 1827 fils de Louis TIQUET, ma\u00e7on Catherine PATAUD, cultivatrice \u25d9 En 1848, Fran\u00e7ois, ayant une fracture aux deux jambes, est exempt\u00e9 de service militaire. Il \u00e9pouse Catherine PATAUD (sic) le 12 f\u00e9vrier ..<\/p>\n<div class=\"clear-fix\"><\/div>\n<p><a href=\"https:\/\/www.lesmaconsdelacreuse.fr\/annuaires\/lettre-t\/t_218\/\" title=\"Lire la suite...\">Lire la suite<\/a><\/p>\n","protected":false},"author":2,"featured_media":0,"comment_status":"closed","ping_status":"closed","sticky":false,"template":"","format":"standard","meta":{"_acf_changed":false,"_exactmetrics_skip_tracking":false,"_exactmetrics_sitenote_active":false,"_exactmetrics_sitenote_note":"","_exactmetrics_sitenote_category":0,"footnotes":""},"categories":[13],"tags":[],"class_list":["post-12401","post","type-post","status-publish","format-standard","hentry","category-lettre-t"],"acf":[],"_links":{"self":[{"href":"https:\/\/www.lesmaconsdelacreuse.fr\/annuaires\/wp-json\/wp\/v2\/posts\/12401","targetHints":{"allow":["GET"]}}],"collection":[{"href":"https:\/\/www.lesmaconsdelacreuse.fr\/annuaires\/wp-json\/wp\/v2\/posts"}],"about":[{"href":"https:\/\/www.lesmaconsdelacreuse.fr\/annuaires\/wp-json\/wp\/v2\/types\/post"}],"author":[{"embeddable":true,"href":"https:\/\/www.lesmaconsdelacreuse.fr\/annuaires\/wp-json\/wp\/v2\/users\/2"}],"replies":[{"embeddable":true,"href":"https:\/\/www.lesmaconsdelacreuse.fr\/annuaires\/wp-json\/wp\/v2\/comments?post=12401"}],"version-history":[{"count":0,"href":"https:\/\/www.lesmaconsdelacreuse.fr\/annuaires\/wp-json\/wp\/v2\/posts\/12401\/revisions"}],"wp:attachment":[{"href":"https:\/\/www.lesmaconsdelacreuse.fr\/annuaires\/wp-json\/wp\/v2\/media?parent=12401"}],"wp:term":[{"taxonomy":"category","embeddable":true,"href":"https:\/\/www.lesmaconsdelacreuse.fr\/annuaires\/wp-json\/wp\/v2\/categories?post=12401"},{"taxonomy":"post_tag","embeddable":true,"href":"https:\/\/www.lesmaconsdelacreuse.fr\/annuaires\/wp-json\/wp\/v2\/tags?post=12401"}],"curies":[{"name":"wp","href":"https:\/\/api.w.org\/{rel}","templated":true}]}}