{"id":12404,"date":"2019-07-28T16:14:09","date_gmt":"2019-07-28T14:14:09","guid":{"rendered":"http:\/\/lesmaconsdelacreuse.fr\/annuaire\/?p=12404"},"modified":"2020-01-20T11:23:55","modified_gmt":"2020-01-20T10:23:55","slug":"t_224","status":"publish","type":"post","link":"https:\/\/www.lesmaconsdelacreuse.fr\/annuaires\/lettre-t\/t_224\/","title":{"rendered":"TIQUET Pierre (1851-apr\u00e8s 1906)"},"content":{"rendered":"<p class=\"last-updated\"><strong>Mis \u00e0 jour le :<\/strong> 29\/04\/2026<\/p><h2 style=\"text-align: center;\"><strong>Pierre TIQUET<\/strong><\/h2>\n<p style=\"text-align: center;\"><strong>1851 \u2013 apr\u00e8s 1906<\/strong><\/p>\n<p style=\"text-align: center;\"><img decoding=\"async\" title=\"\" src=\"https:\/\/lesmaconsdelacreuse.fr\/annuaire\/wp-content\/uploads\/2019\/07\/image1-2957.jpg\" alt=\"\" data-asset-id=\"12403\" data-source-id=\"i.0\" \/><\/p>\n<h4 style=\"text-align: center;\"><span style=\"color: #008000;\"><strong>ma\u00e7on<\/strong><\/span><\/h4>\n<p style=\"text-align: center;\">n\u00e9 au M\u00e9zounioux (Saint-Yriex-la-Montagne)<\/p>\n<p style=\"text-align: center;\">le 11 septembre 1851<\/p>\n<p style=\"text-align: center;\">fils naturel de<\/p>\n<p style=\"text-align: center;\">Jeanne TIQUET, journali\u00e8re<\/p>\n<p style=\"text-align: center;\"><span style=\"color: #ffffff;\">\u25d9<\/span><\/p>\n<p><strong>En 1874<\/strong><em>, Pierre \u00e9pouse Jeanne <\/em><strong>TIXIER<\/strong><em>, couturi\u00e8re<\/em><em>; il ne sait pas encore signer.<\/em><\/p>\n<p><em> Ils habitent Le Monteil\u00a0o\u00f9 Jeanne d\u00e9c\u00e8de le 7 juin <\/em><strong>1905<\/strong><em>, \u00e2g\u00e9e de 56 ans environ. <\/em><\/p>\n<p><em>Pierre se remarie le 16 f\u00e9vrier <\/em><strong>1906<\/strong><em> au Monteil avec Marie <\/em><strong>LACOUR<\/strong><em>, veuve de L\u00e9onard FLACON\u00c8CHE (mari\u00e9s sans contrat)\u00a0; il ne sait toujours pas signer. <\/em><\/p>\n","protected":false},"excerpt":{"rendered":"<p>Mis \u00e0 jour le : 29\/04\/2026Pierre TIQUET 1851 \u2013 apr\u00e8s 1906 ma\u00e7on n\u00e9 au M\u00e9zounioux (Saint-Yriex-la-Montagne) le 11 septembre 1851 fils naturel de Jeanne TIQUET, journali\u00e8re \u25d9 En 1874, Pierre \u00e9pouse Jeanne TIXIER, couturi\u00e8re; il ne sait pas encore signer. Ils habitent Le Monteil\u00a0o\u00f9 Jeanne d\u00e9c\u00e8de le 7 juin 1905, \u00e2g\u00e9e de 56 ans environ. ..<\/p>\n<div class=\"clear-fix\"><\/div>\n<p><a href=\"https:\/\/www.lesmaconsdelacreuse.fr\/annuaires\/lettre-t\/t_224\/\" title=\"Lire la suite...\">Lire la suite<\/a><\/p>\n","protected":false},"author":2,"featured_media":0,"comment_status":"closed","ping_status":"closed","sticky":false,"template":"","format":"standard","meta":{"_acf_changed":false,"_exactmetrics_skip_tracking":false,"_exactmetrics_sitenote_active":false,"_exactmetrics_sitenote_note":"","_exactmetrics_sitenote_category":0,"footnotes":""},"categories":[13],"tags":[],"class_list":["post-12404","post","type-post","status-publish","format-standard","hentry","category-lettre-t"],"acf":[],"_links":{"self":[{"href":"https:\/\/www.lesmaconsdelacreuse.fr\/annuaires\/wp-json\/wp\/v2\/posts\/12404","targetHints":{"allow":["GET"]}}],"collection":[{"href":"https:\/\/www.lesmaconsdelacreuse.fr\/annuaires\/wp-json\/wp\/v2\/posts"}],"about":[{"href":"https:\/\/www.lesmaconsdelacreuse.fr\/annuaires\/wp-json\/wp\/v2\/types\/post"}],"author":[{"embeddable":true,"href":"https:\/\/www.lesmaconsdelacreuse.fr\/annuaires\/wp-json\/wp\/v2\/users\/2"}],"replies":[{"embeddable":true,"href":"https:\/\/www.lesmaconsdelacreuse.fr\/annuaires\/wp-json\/wp\/v2\/comments?post=12404"}],"version-history":[{"count":0,"href":"https:\/\/www.lesmaconsdelacreuse.fr\/annuaires\/wp-json\/wp\/v2\/posts\/12404\/revisions"}],"wp:attachment":[{"href":"https:\/\/www.lesmaconsdelacreuse.fr\/annuaires\/wp-json\/wp\/v2\/media?parent=12404"}],"wp:term":[{"taxonomy":"category","embeddable":true,"href":"https:\/\/www.lesmaconsdelacreuse.fr\/annuaires\/wp-json\/wp\/v2\/categories?post=12404"},{"taxonomy":"post_tag","embeddable":true,"href":"https:\/\/www.lesmaconsdelacreuse.fr\/annuaires\/wp-json\/wp\/v2\/tags?post=12404"}],"curies":[{"name":"wp","href":"https:\/\/api.w.org\/{rel}","templated":true}]}}