{"id":12410,"date":"2019-07-28T16:13:21","date_gmt":"2019-07-28T14:13:21","guid":{"rendered":"http:\/\/lesmaconsdelacreuse.fr\/annuaire\/?p=12410"},"modified":"2021-12-14T13:51:11","modified_gmt":"2021-12-14T12:51:11","slug":"t_172","status":"publish","type":"post","link":"https:\/\/www.lesmaconsdelacreuse.fr\/annuaires\/lettre-t\/t_172\/","title":{"rendered":"THIBAUD Barth\u00e9l\u00e9my (1859-1889)"},"content":{"rendered":"<p class=\"last-updated\"><strong>Mis \u00e0 jour le :<\/strong> 29\/04\/2026<\/p><h2 style=\"text-align: center;\"><strong>Barth\u00e9l\u00e9my THIBAUD<\/strong><\/h2>\n<p style=\"text-align: center;\"><strong>1859 \u2013 1889<\/strong><\/p>\n<p style=\"text-align: center;\"><img decoding=\"async\" title=\"\" src=\"https:\/\/lesmaconsdelacreuse.fr\/annuaire\/wp-content\/uploads\/2019\/07\/image1-2960.jpg\" alt=\"\" data-asset-id=\"12409\" data-source-id=\"i.0\" \/><\/p>\n<h4 style=\"text-align: center;\"><span style=\"color: #008000;\"><strong>ma\u00e7on<\/strong><\/span><\/h4>\n<p style=\"text-align: center;\">n\u00e9 \u00e0 Montayaud (Saint-Junien-la-Breg\u00e8re)<\/p>\n<p style=\"text-align: center;\">le 20 octobre 1859<\/p>\n<p style=\"text-align: center;\">fils de<\/p>\n<p style=\"text-align: center;\">L\u00e9onard THIBAUD, <span style=\"color: #008000;\"><strong>ma\u00e7on<\/strong><\/span><\/p>\n<p style=\"text-align: center;\">Anne DUFOUR, cultivatrice<\/p>\n<p style=\"text-align: center;\"><span style=\"color: #ffffff;\">\u25d9<\/span><\/p>\n<p><strong>En 1880<\/strong><em>, Barth\u00e9l\u00e9my travaille dans la <\/em><span style=\"color: #0000ff;\"><strong>Seine<\/strong><\/span><em>, et y passe le conseil de r\u00e9vision.<\/em><\/p>\n<p><strong>En 1886<\/strong><em>, il habite <\/em><span style=\"color: #0000ff;\"><strong>Ville-d\u2019Avray (92)<\/strong><\/span><em>\u00a0;<\/em><\/p>\n<p><strong>en 1887<\/strong><em>, <\/em><span style=\"color: #0000ff;\"><strong>Paris (75)<\/strong><\/span><em>, 16, boulevard Courcelles.<\/em><\/p>\n<p><em> Il \u00e9pouse Marie Am\u00e9lie <\/em><strong>THIBAUD<\/strong><em> le 3 avril <\/em><strong>1888<\/strong><em> \u00e0 Saint-Moreil\u00a0 (contrat Magadoux \u00e0 Saint-Martin-Ch\u00e2teau).<\/em><\/p>\n<p>En juillet 1888<em>, de nouveau \u00e0 Paris, il loge 11, rue Descartes.<\/em><\/p>\n<p><em>Les \u00e9poux d\u00e9c\u00e8dent:<\/em><\/p>\n<ul>\n<li><em>Barth\u00e9l\u00e9my \u00e0 Montayaud le 4 avril <\/em><strong>1889<\/strong><em>, \u00e2g\u00e9 de 29 ans<\/em><\/li>\n<li><em>Marie Am\u00e9lie \u00e0 Saint-Moreil le 11 janvier<\/em> <strong>1926<\/strong>, <em>\u00e2g\u00e9e de 63 ans<\/em><\/li>\n<\/ul>\n<p>&nbsp;<\/p>\n","protected":false},"excerpt":{"rendered":"<p>Mis \u00e0 jour le : 29\/04\/2026Barth\u00e9l\u00e9my THIBAUD 1859 \u2013 1889 ma\u00e7on n\u00e9 \u00e0 Montayaud (Saint-Junien-la-Breg\u00e8re) le 20 octobre 1859 fils de L\u00e9onard THIBAUD, ma\u00e7on Anne DUFOUR, cultivatrice \u25d9 En 1880, Barth\u00e9l\u00e9my travaille dans la Seine, et y passe le conseil de r\u00e9vision. En 1886, il habite Ville-d\u2019Avray (92)\u00a0; en 1887, Paris (75), 16, boulevard Courcelles. ..<\/p>\n<div class=\"clear-fix\"><\/div>\n<p><a href=\"https:\/\/www.lesmaconsdelacreuse.fr\/annuaires\/lettre-t\/t_172\/\" title=\"Lire la suite...\">Lire la suite<\/a><\/p>\n","protected":false},"author":2,"featured_media":0,"comment_status":"closed","ping_status":"closed","sticky":false,"template":"","format":"standard","meta":{"_acf_changed":false,"_exactmetrics_skip_tracking":false,"_exactmetrics_sitenote_active":false,"_exactmetrics_sitenote_note":"","_exactmetrics_sitenote_category":0,"footnotes":""},"categories":[13],"tags":[],"class_list":["post-12410","post","type-post","status-publish","format-standard","hentry","category-lettre-t"],"acf":[],"_links":{"self":[{"href":"https:\/\/www.lesmaconsdelacreuse.fr\/annuaires\/wp-json\/wp\/v2\/posts\/12410","targetHints":{"allow":["GET"]}}],"collection":[{"href":"https:\/\/www.lesmaconsdelacreuse.fr\/annuaires\/wp-json\/wp\/v2\/posts"}],"about":[{"href":"https:\/\/www.lesmaconsdelacreuse.fr\/annuaires\/wp-json\/wp\/v2\/types\/post"}],"author":[{"embeddable":true,"href":"https:\/\/www.lesmaconsdelacreuse.fr\/annuaires\/wp-json\/wp\/v2\/users\/2"}],"replies":[{"embeddable":true,"href":"https:\/\/www.lesmaconsdelacreuse.fr\/annuaires\/wp-json\/wp\/v2\/comments?post=12410"}],"version-history":[{"count":2,"href":"https:\/\/www.lesmaconsdelacreuse.fr\/annuaires\/wp-json\/wp\/v2\/posts\/12410\/revisions"}],"predecessor-version":[{"id":193139,"href":"https:\/\/www.lesmaconsdelacreuse.fr\/annuaires\/wp-json\/wp\/v2\/posts\/12410\/revisions\/193139"}],"wp:attachment":[{"href":"https:\/\/www.lesmaconsdelacreuse.fr\/annuaires\/wp-json\/wp\/v2\/media?parent=12410"}],"wp:term":[{"taxonomy":"category","embeddable":true,"href":"https:\/\/www.lesmaconsdelacreuse.fr\/annuaires\/wp-json\/wp\/v2\/categories?post=12410"},{"taxonomy":"post_tag","embeddable":true,"href":"https:\/\/www.lesmaconsdelacreuse.fr\/annuaires\/wp-json\/wp\/v2\/tags?post=12410"}],"curies":[{"name":"wp","href":"https:\/\/api.w.org\/{rel}","templated":true}]}}