{"id":12416,"date":"2019-07-28T16:13:20","date_gmt":"2019-07-28T14:13:20","guid":{"rendered":"http:\/\/lesmaconsdelacreuse.fr\/annuaire\/?p=12416"},"modified":"2020-10-03T11:58:09","modified_gmt":"2020-10-03T09:58:09","slug":"t_153","status":"publish","type":"post","link":"https:\/\/www.lesmaconsdelacreuse.fr\/annuaires\/lettre-t\/t_153\/","title":{"rendered":"TEITOUX Jean (1810-apr\u00e8s 1889)"},"content":{"rendered":"<p class=\"last-updated\"><strong>Mis \u00e0 jour le :<\/strong> 29\/04\/2026<\/p><h2 style=\"text-align: center;\"><strong>Jean TEITOUX<\/strong><\/h2>\n<p style=\"text-align: center;\"><strong>1810 \u2013 apr\u00e8s 1889<\/strong><\/p>\n<p style=\"text-align: center;\"><img decoding=\"async\" title=\"\" src=\"https:\/\/lesmaconsdelacreuse.fr\/annuaire\/wp-content\/uploads\/2019\/07\/image1-2963.jpg\" alt=\"\" data-asset-id=\"12415\" data-source-id=\"i.0\" \/><\/p>\n<h4 style=\"text-align: center;\"><span style=\"color: #008000;\"><strong>ma\u00e7on <\/strong>et <strong>propri\u00e9taire cultivateur<\/strong><\/span><\/h4>\n<p>&nbsp;<\/p>\n<p style=\"text-align: center;\">n\u00e9 \u00e0 Aurioux (Saint-Pierre-le-Bost)<\/p>\n<p style=\"text-align: center;\">le 22 septembre 1810<\/p>\n<p style=\"text-align: center;\">fils de<\/p>\n<p style=\"text-align: center;\">L\u00e9ger TEITOUX, <span style=\"color: #008000;\"><strong>ma\u00e7on<\/strong><\/span> et \u25ba<a href=\"https:\/\/www.lesmaconsdelacreuse.fr\/annuaires\/wp-content\/uploads\/2020\/08\/SCIEUR-DE-LONG.png\" target=\"_blank\" rel=\"noopener noreferrer\">scieur de long<\/a><\/p>\n<p style=\"text-align: center;\">Marie MOURNAUD, cultivatrice<\/p>\n<p style=\"text-align: center;\"><span style=\"color: #ffffff;\">\u25d9<\/span><\/p>\n<p><em>Jean \u00e9pouse Marie <\/em><strong>JANICOT<\/strong><em> le 26 f\u00e9vrier <\/em><strong>1832<\/strong><em> \u00e0 Saint-Yriex-la-Montagne. <\/em><\/p>\n<p><strong>En 1835<\/strong><em>, Jean travaille \u00e0 <\/em><span style=\"color: #0000ff;\"><strong>Lyon (69)<\/strong><em>. <\/em><\/span><\/p>\n<p><em>Marie d\u00e9c\u00e8de \u00e0 Aurioux le 5 avril <\/em><strong>1886<\/strong><em>, \u00e2g\u00e9e de 78 ans. <\/em><\/p>\n<p>&nbsp;<\/p>\n","protected":false},"excerpt":{"rendered":"<p>Mis \u00e0 jour le : 29\/04\/2026Jean TEITOUX 1810 \u2013 apr\u00e8s 1889 ma\u00e7on et propri\u00e9taire cultivateur &nbsp; n\u00e9 \u00e0 Aurioux (Saint-Pierre-le-Bost) le 22 septembre 1810 fils de L\u00e9ger TEITOUX, ma\u00e7on et \u25bascieur de long Marie MOURNAUD, cultivatrice \u25d9 Jean \u00e9pouse Marie JANICOT le 26 f\u00e9vrier 1832 \u00e0 Saint-Yriex-la-Montagne. En 1835, Jean travaille \u00e0 Lyon (69). Marie ..<\/p>\n<div class=\"clear-fix\"><\/div>\n<p><a href=\"https:\/\/www.lesmaconsdelacreuse.fr\/annuaires\/lettre-t\/t_153\/\" title=\"Lire la suite...\">Lire la suite<\/a><\/p>\n","protected":false},"author":2,"featured_media":0,"comment_status":"closed","ping_status":"closed","sticky":false,"template":"","format":"standard","meta":{"_acf_changed":false,"_exactmetrics_skip_tracking":false,"_exactmetrics_sitenote_active":false,"_exactmetrics_sitenote_note":"","_exactmetrics_sitenote_category":0,"footnotes":""},"categories":[13],"tags":[],"class_list":["post-12416","post","type-post","status-publish","format-standard","hentry","category-lettre-t"],"acf":[],"_links":{"self":[{"href":"https:\/\/www.lesmaconsdelacreuse.fr\/annuaires\/wp-json\/wp\/v2\/posts\/12416","targetHints":{"allow":["GET"]}}],"collection":[{"href":"https:\/\/www.lesmaconsdelacreuse.fr\/annuaires\/wp-json\/wp\/v2\/posts"}],"about":[{"href":"https:\/\/www.lesmaconsdelacreuse.fr\/annuaires\/wp-json\/wp\/v2\/types\/post"}],"author":[{"embeddable":true,"href":"https:\/\/www.lesmaconsdelacreuse.fr\/annuaires\/wp-json\/wp\/v2\/users\/2"}],"replies":[{"embeddable":true,"href":"https:\/\/www.lesmaconsdelacreuse.fr\/annuaires\/wp-json\/wp\/v2\/comments?post=12416"}],"version-history":[{"count":0,"href":"https:\/\/www.lesmaconsdelacreuse.fr\/annuaires\/wp-json\/wp\/v2\/posts\/12416\/revisions"}],"wp:attachment":[{"href":"https:\/\/www.lesmaconsdelacreuse.fr\/annuaires\/wp-json\/wp\/v2\/media?parent=12416"}],"wp:term":[{"taxonomy":"category","embeddable":true,"href":"https:\/\/www.lesmaconsdelacreuse.fr\/annuaires\/wp-json\/wp\/v2\/categories?post=12416"},{"taxonomy":"post_tag","embeddable":true,"href":"https:\/\/www.lesmaconsdelacreuse.fr\/annuaires\/wp-json\/wp\/v2\/tags?post=12416"}],"curies":[{"name":"wp","href":"https:\/\/api.w.org\/{rel}","templated":true}]}}