{"id":12418,"date":"2019-07-28T16:13:20","date_gmt":"2019-07-28T14:13:20","guid":{"rendered":"http:\/\/lesmaconsdelacreuse.fr\/annuaire\/?p=12418"},"modified":"2020-01-20T11:23:57","modified_gmt":"2020-01-20T10:23:57","slug":"t_183","status":"publish","type":"post","link":"https:\/\/www.lesmaconsdelacreuse.fr\/annuaires\/lettre-t\/t_183\/","title":{"rendered":"THIBAULT Jean (1837-1872)"},"content":{"rendered":"<p class=\"last-updated\"><strong>Mis \u00e0 jour le :<\/strong> 29\/04\/2026<\/p><h2 style=\"text-align: center;\"><strong>Jean THIBAULT<\/strong><\/h2>\n<p style=\"text-align: center;\"><strong>1837 \u2013 1872<\/strong><\/p>\n<p style=\"text-align: center;\"><img loading=\"lazy\" decoding=\"async\" class=\"\" title=\"\" src=\"https:\/\/lesmaconsdelacreuse.fr\/annuaire\/wp-content\/uploads\/2019\/07\/image1-2964.jpg\" alt=\"\" width=\"189\" height=\"135\" data-asset-id=\"12417\" data-source-id=\"i.0\" \/><\/p>\n<h4 style=\"text-align: center;\"><span style=\"color: #008000;\"><strong>ma\u00e7on <\/strong>et<strong> cultivateur<\/strong><\/span><\/h4>\n<p style=\"text-align: center;\">n\u00e9 \u00e0 Montayaud (Saint-Junien-la-Breg\u00e8re)<\/p>\n<p style=\"text-align: center;\">le 6 d\u00e9cembre 1837<\/p>\n<p style=\"text-align: center;\">fils de<\/p>\n<p style=\"text-align: center;\">Jean THIBAULT \/ Jeanne P\u00c9CHALAT<\/p>\n<p style=\"text-align: center;\">cultivateurs<\/p>\n<p style=\"text-align: center;\"><span style=\"color: #ffffff;\">\u25d9<\/span><\/p>\n<p><em>Jean \u00e9pouse Fran\u00e7oise <\/em><strong>L\u00c9LY<\/strong><em> le 27 f\u00e9vrier <\/em><strong>1866<\/strong><em> \u00e0 Saint-Junien (contrat Magadoux \u00e0 Saint-Martin-Ch\u00e2teau). <\/em><\/p>\n<p><em>Ils d\u00e9c\u00e8dent\u00a0:<\/em><\/p>\n<ul>\n<li><em>Jean, \u00e0 l\u2019hospice de Bourganeuf, le 14 juin <\/em><strong>1872<\/strong><em>, \u00e2g\u00e9 de 34 ans<\/em><\/li>\n<li><em>Fran\u00e7oise, au Montingo\u00fbt, commune de Saint-Moreil, le 10 octobre <\/em><strong>1922<\/strong><em>, \u00e2g\u00e9e de 75 ans<\/em><\/li>\n<\/ul>\n","protected":false},"excerpt":{"rendered":"<p>Mis \u00e0 jour le : 29\/04\/2026Jean THIBAULT 1837 \u2013 1872 ma\u00e7on et cultivateur n\u00e9 \u00e0 Montayaud (Saint-Junien-la-Breg\u00e8re) le 6 d\u00e9cembre 1837 fils de Jean THIBAULT \/ Jeanne P\u00c9CHALAT cultivateurs \u25d9 Jean \u00e9pouse Fran\u00e7oise L\u00c9LY le 27 f\u00e9vrier 1866 \u00e0 Saint-Junien (contrat Magadoux \u00e0 Saint-Martin-Ch\u00e2teau). Ils d\u00e9c\u00e8dent\u00a0: Jean, \u00e0 l\u2019hospice de Bourganeuf, le 14 juin 1872, ..<\/p>\n<div class=\"clear-fix\"><\/div>\n<p><a href=\"https:\/\/www.lesmaconsdelacreuse.fr\/annuaires\/lettre-t\/t_183\/\" title=\"Lire la suite...\">Lire la suite<\/a><\/p>\n","protected":false},"author":2,"featured_media":0,"comment_status":"closed","ping_status":"closed","sticky":false,"template":"","format":"standard","meta":{"_acf_changed":false,"_exactmetrics_skip_tracking":false,"_exactmetrics_sitenote_active":false,"_exactmetrics_sitenote_note":"","_exactmetrics_sitenote_category":0,"footnotes":""},"categories":[13],"tags":[],"class_list":["post-12418","post","type-post","status-publish","format-standard","hentry","category-lettre-t"],"acf":[],"_links":{"self":[{"href":"https:\/\/www.lesmaconsdelacreuse.fr\/annuaires\/wp-json\/wp\/v2\/posts\/12418","targetHints":{"allow":["GET"]}}],"collection":[{"href":"https:\/\/www.lesmaconsdelacreuse.fr\/annuaires\/wp-json\/wp\/v2\/posts"}],"about":[{"href":"https:\/\/www.lesmaconsdelacreuse.fr\/annuaires\/wp-json\/wp\/v2\/types\/post"}],"author":[{"embeddable":true,"href":"https:\/\/www.lesmaconsdelacreuse.fr\/annuaires\/wp-json\/wp\/v2\/users\/2"}],"replies":[{"embeddable":true,"href":"https:\/\/www.lesmaconsdelacreuse.fr\/annuaires\/wp-json\/wp\/v2\/comments?post=12418"}],"version-history":[{"count":0,"href":"https:\/\/www.lesmaconsdelacreuse.fr\/annuaires\/wp-json\/wp\/v2\/posts\/12418\/revisions"}],"wp:attachment":[{"href":"https:\/\/www.lesmaconsdelacreuse.fr\/annuaires\/wp-json\/wp\/v2\/media?parent=12418"}],"wp:term":[{"taxonomy":"category","embeddable":true,"href":"https:\/\/www.lesmaconsdelacreuse.fr\/annuaires\/wp-json\/wp\/v2\/categories?post=12418"},{"taxonomy":"post_tag","embeddable":true,"href":"https:\/\/www.lesmaconsdelacreuse.fr\/annuaires\/wp-json\/wp\/v2\/tags?post=12418"}],"curies":[{"name":"wp","href":"https:\/\/api.w.org\/{rel}","templated":true}]}}