{"id":12421,"date":"2019-07-28T16:13:20","date_gmt":"2019-07-28T14:13:20","guid":{"rendered":"http:\/\/lesmaconsdelacreuse.fr\/annuaire\/?p=12421"},"modified":"2020-09-28T07:56:44","modified_gmt":"2020-09-28T05:56:44","slug":"t_194","status":"publish","type":"post","link":"https:\/\/www.lesmaconsdelacreuse.fr\/annuaires\/lettre-t\/t_194\/","title":{"rendered":"THIBAUD L\u00e9onard (1821-1888)"},"content":{"rendered":"<p class=\"last-updated\"><strong>Mis \u00e0 jour le :<\/strong> 29\/04\/2026<\/p><h2 style=\"text-align: center;\"><strong>L\u00e9onard THIBAUD<\/strong><\/h2>\n<p style=\"text-align: center;\"><strong>1821 \u2013 1888<\/strong><\/p>\n<p style=\"text-align: center;\"><img decoding=\"async\" title=\"\" src=\"https:\/\/lesmaconsdelacreuse.fr\/annuaire\/wp-content\/uploads\/2019\/07\/image1-2965.jpg\" alt=\"\" data-asset-id=\"12419\" data-source-id=\"i.0\" \/><\/p>\n<h4 style=\"text-align: center;\"><span style=\"color: #008000;\"><strong>ma\u00e7on<\/strong><\/span><\/h4>\n<p>&nbsp;<\/p>\n<p style=\"text-align: center;\">n\u00e9 \u00e0 Fusinas (Saint-Martin-Ch\u00e2teau)<\/p>\n<p style=\"text-align: center;\">le 15 mars 1821<\/p>\n<p style=\"text-align: center;\">fils de<\/p>\n<p style=\"text-align: center;\">Arnaud THIBAUD \/ Marguerite LAVEIX<\/p>\n<p style=\"text-align: center;\">propri\u00e9taires cultivateurs<\/p>\n<p style=\"text-align: center;\"><span style=\"color: #ffffff;\">\u25d9<\/span><\/p>\n<p><strong>En 1842<\/strong><em>, L\u00e9onard est dispens\u00e9 de service militaire, ayant un fr\u00e8re sous les drapeaux.<\/em><\/p>\n<p><strong>En 1853<\/strong><em>, il travaille \u00e0 <\/em><span style=\"color: #0000ff;\"><strong>Dardilly (69)<\/strong><\/span><em>.<\/em><\/p>\n<p><em>Le 6 janvier de la m\u00eame ann\u00e9e, il \u00e9pouse Marie <\/em><strong>GUILLERMET<\/strong><em>, <strong>\u25ba<\/strong><a href=\"https:\/\/www.lesmaconsdelacreuse.fr\/annuaires\/wp-content\/uploads\/2020\/08\/LING\u00c8RE.png\" target=\"_blank\" rel=\"noopener noreferrer\">ling\u00e8re<\/a>, \u00e0 <\/em><span style=\"color: #0000ff;\"><strong>B\u00e9ligny (69)<\/strong><\/span>.<\/p>\n<p><strong>En 1888<\/strong><em>, il est veuf, et habite <\/em><span style=\"color: #0000ff;\"><strong>La Verpilli\u00e8re (38)<\/strong><\/span><em>.<\/em><\/p>\n<p><em>Le 24 mars de la m\u00eame ann\u00e9e, il d\u00e9c\u00e8de \u00e0 \u25ba<a href=\"https:\/\/www.lesmaconsdelacreuse.fr\/annuaires\/\/wp-content\/uploads\/PHOTOS_-_CARTES_POSTALES\/LYON_-_Hopital_de_lHotel-Dieu.jpg\" target=\"_blank\" rel=\"noopener noreferrer\">l\u2019H\u00f4tel-Dieu<\/a> de Lyon, \u00e2g\u00e9 de 67 ans. <\/em><\/p>\n<p>&nbsp;<\/p>\n","protected":false},"excerpt":{"rendered":"<p>Mis \u00e0 jour le : 29\/04\/2026L\u00e9onard THIBAUD 1821 \u2013 1888 ma\u00e7on &nbsp; n\u00e9 \u00e0 Fusinas (Saint-Martin-Ch\u00e2teau) le 15 mars 1821 fils de Arnaud THIBAUD \/ Marguerite LAVEIX propri\u00e9taires cultivateurs \u25d9 En 1842, L\u00e9onard est dispens\u00e9 de service militaire, ayant un fr\u00e8re sous les drapeaux. En 1853, il travaille \u00e0 Dardilly (69). Le 6 janvier de ..<\/p>\n<div class=\"clear-fix\"><\/div>\n<p><a href=\"https:\/\/www.lesmaconsdelacreuse.fr\/annuaires\/lettre-t\/t_194\/\" title=\"Lire la suite...\">Lire la suite<\/a><\/p>\n","protected":false},"author":2,"featured_media":0,"comment_status":"closed","ping_status":"closed","sticky":false,"template":"","format":"standard","meta":{"_acf_changed":false,"_exactmetrics_skip_tracking":false,"_exactmetrics_sitenote_active":false,"_exactmetrics_sitenote_note":"","_exactmetrics_sitenote_category":0,"footnotes":""},"categories":[13],"tags":[],"class_list":["post-12421","post","type-post","status-publish","format-standard","hentry","category-lettre-t"],"acf":[],"_links":{"self":[{"href":"https:\/\/www.lesmaconsdelacreuse.fr\/annuaires\/wp-json\/wp\/v2\/posts\/12421","targetHints":{"allow":["GET"]}}],"collection":[{"href":"https:\/\/www.lesmaconsdelacreuse.fr\/annuaires\/wp-json\/wp\/v2\/posts"}],"about":[{"href":"https:\/\/www.lesmaconsdelacreuse.fr\/annuaires\/wp-json\/wp\/v2\/types\/post"}],"author":[{"embeddable":true,"href":"https:\/\/www.lesmaconsdelacreuse.fr\/annuaires\/wp-json\/wp\/v2\/users\/2"}],"replies":[{"embeddable":true,"href":"https:\/\/www.lesmaconsdelacreuse.fr\/annuaires\/wp-json\/wp\/v2\/comments?post=12421"}],"version-history":[{"count":0,"href":"https:\/\/www.lesmaconsdelacreuse.fr\/annuaires\/wp-json\/wp\/v2\/posts\/12421\/revisions"}],"wp:attachment":[{"href":"https:\/\/www.lesmaconsdelacreuse.fr\/annuaires\/wp-json\/wp\/v2\/media?parent=12421"}],"wp:term":[{"taxonomy":"category","embeddable":true,"href":"https:\/\/www.lesmaconsdelacreuse.fr\/annuaires\/wp-json\/wp\/v2\/categories?post=12421"},{"taxonomy":"post_tag","embeddable":true,"href":"https:\/\/www.lesmaconsdelacreuse.fr\/annuaires\/wp-json\/wp\/v2\/tags?post=12421"}],"curies":[{"name":"wp","href":"https:\/\/api.w.org\/{rel}","templated":true}]}}