{"id":12424,"date":"2019-07-28T16:13:20","date_gmt":"2019-07-28T14:13:20","guid":{"rendered":"http:\/\/lesmaconsdelacreuse.fr\/annuaire\/?p=12424"},"modified":"2020-01-20T11:23:56","modified_gmt":"2020-01-20T10:23:56","slug":"t_199","status":"publish","type":"post","link":"https:\/\/www.lesmaconsdelacreuse.fr\/annuaires\/lettre-t\/t_199\/","title":{"rendered":"THIBAUD Pierre (1791-1853)"},"content":{"rendered":"<p class=\"last-updated\"><strong>Mis \u00e0 jour le :<\/strong> 29\/04\/2026<\/p><h2 style=\"text-align: center;\"><strong>Pierre THIBAUD<\/strong><\/h2>\n<p style=\"text-align: center;\"><strong>1791 \u2013 1853<\/strong><\/p>\n<p style=\"text-align: center;\"><img decoding=\"async\" title=\"\" src=\"https:\/\/lesmaconsdelacreuse.fr\/annuaire\/wp-content\/uploads\/2019\/07\/image1-2967.jpg\" alt=\"\" data-asset-id=\"12423\" data-source-id=\"i.0\" \/><\/p>\n<h4 style=\"text-align: center;\"><span style=\"color: #008000;\"><strong>ma\u00e7on <\/strong>et <strong>propri\u00e9taire cultivateur<\/strong><\/span><\/h4>\n<p style=\"text-align: center;\">n\u00e9 \u00e0 Lavaud (Saint-Pardoux-Lavaud)<\/p>\n<p style=\"text-align: center;\">le 21 mars 1791<\/p>\n<p style=\"text-align: center;\">fils de<\/p>\n<p style=\"text-align: center;\">Jacques THIBAUD, <span style=\"color: #008000;\"><strong>ma\u00e7on <\/strong><\/span><strong>\/ <\/strong>Th\u00e9r\u00e8se LECLERC<\/p>\n<p style=\"text-align: center;\">laboureurs<\/p>\n<p style=\"text-align: center;\"><span style=\"color: #ffffff;\">\u25d9<\/span><\/p>\n<p><em>Pierre \u00e9pouse Jeanne <\/em><strong>NOURRISSEAU<\/strong><em> le 14 f\u00e9vrier <\/em><strong>1825<\/strong><em> \u00e0 Saint-Pardoux.<\/em><\/p>\n<p><em> Jeanne d\u00e9c\u00e8de au bourg de Saint-Moreil le 12 juin <\/em><strong>1833<\/strong><em>, \u00e2g\u00e9e de 32 ans. <\/em><\/p>\n<p><em>Pierre se remarie avec Fran\u00e7oise <\/em><strong>PATAUD<\/strong><em> le 6 avril <\/em><strong>1836<\/strong><em> \u00e0 Saint-Moreil. Ils habitent au bourg.<\/em><\/p>\n<p><em>Pierre teste le 19 janvier<\/em><strong> 1839<\/strong><em> devant Me Jarrijon de Saint-Martin-Ch\u00e2teau.<\/em><\/p>\n<p><em>Les \u00e9poux d\u00e9c\u00e8dent au bourg de Saint-Moreil \u00a0:<\/em><\/p>\n<ul>\n<li><em>Pierre, le 24 f\u00e9vrier <\/em><strong>1853<\/strong><em><strong>,<\/strong> \u00e2g\u00e9 de 61 ans<\/em><\/li>\n<li><em>Fran\u00e7oise, le 1er d\u00e9cembre <\/em><strong>1873<\/strong><em>, \u00e2g\u00e9e de 74 ans<\/em><\/li>\n<\/ul>\n","protected":false},"excerpt":{"rendered":"<p>Mis \u00e0 jour le : 29\/04\/2026Pierre THIBAUD 1791 \u2013 1853 ma\u00e7on et propri\u00e9taire cultivateur n\u00e9 \u00e0 Lavaud (Saint-Pardoux-Lavaud) le 21 mars 1791 fils de Jacques THIBAUD, ma\u00e7on \/ Th\u00e9r\u00e8se LECLERC laboureurs \u25d9 Pierre \u00e9pouse Jeanne NOURRISSEAU le 14 f\u00e9vrier 1825 \u00e0 Saint-Pardoux. Jeanne d\u00e9c\u00e8de au bourg de Saint-Moreil le 12 juin 1833, \u00e2g\u00e9e de 32 ..<\/p>\n<div class=\"clear-fix\"><\/div>\n<p><a href=\"https:\/\/www.lesmaconsdelacreuse.fr\/annuaires\/lettre-t\/t_199\/\" title=\"Lire la suite...\">Lire la suite<\/a><\/p>\n","protected":false},"author":2,"featured_media":0,"comment_status":"closed","ping_status":"closed","sticky":false,"template":"","format":"standard","meta":{"_acf_changed":false,"_exactmetrics_skip_tracking":false,"_exactmetrics_sitenote_active":false,"_exactmetrics_sitenote_note":"","_exactmetrics_sitenote_category":0,"footnotes":""},"categories":[13],"tags":[],"class_list":["post-12424","post","type-post","status-publish","format-standard","hentry","category-lettre-t"],"acf":[],"_links":{"self":[{"href":"https:\/\/www.lesmaconsdelacreuse.fr\/annuaires\/wp-json\/wp\/v2\/posts\/12424","targetHints":{"allow":["GET"]}}],"collection":[{"href":"https:\/\/www.lesmaconsdelacreuse.fr\/annuaires\/wp-json\/wp\/v2\/posts"}],"about":[{"href":"https:\/\/www.lesmaconsdelacreuse.fr\/annuaires\/wp-json\/wp\/v2\/types\/post"}],"author":[{"embeddable":true,"href":"https:\/\/www.lesmaconsdelacreuse.fr\/annuaires\/wp-json\/wp\/v2\/users\/2"}],"replies":[{"embeddable":true,"href":"https:\/\/www.lesmaconsdelacreuse.fr\/annuaires\/wp-json\/wp\/v2\/comments?post=12424"}],"version-history":[{"count":0,"href":"https:\/\/www.lesmaconsdelacreuse.fr\/annuaires\/wp-json\/wp\/v2\/posts\/12424\/revisions"}],"wp:attachment":[{"href":"https:\/\/www.lesmaconsdelacreuse.fr\/annuaires\/wp-json\/wp\/v2\/media?parent=12424"}],"wp:term":[{"taxonomy":"category","embeddable":true,"href":"https:\/\/www.lesmaconsdelacreuse.fr\/annuaires\/wp-json\/wp\/v2\/categories?post=12424"},{"taxonomy":"post_tag","embeddable":true,"href":"https:\/\/www.lesmaconsdelacreuse.fr\/annuaires\/wp-json\/wp\/v2\/tags?post=12424"}],"curies":[{"name":"wp","href":"https:\/\/api.w.org\/{rel}","templated":true}]}}