{"id":12430,"date":"2019-07-28T16:13:19","date_gmt":"2019-07-28T14:13:19","guid":{"rendered":"http:\/\/lesmaconsdelacreuse.fr\/annuaire\/?p=12430"},"modified":"2020-01-20T11:23:58","modified_gmt":"2020-01-20T10:23:58","slug":"t_198","status":"publish","type":"post","link":"https:\/\/www.lesmaconsdelacreuse.fr\/annuaires\/lettre-t\/t_198\/","title":{"rendered":"THIBAUD Philippe (1819-apr\u00e8s 1881)"},"content":{"rendered":"<p class=\"last-updated\"><strong>Mis \u00e0 jour le :<\/strong> 29\/04\/2026<\/p><h2 style=\"text-align: center;\"><strong>Philippe THIBAUD<\/strong><\/h2>\n<p style=\"text-align: center;\"><strong>1819 \u2013 apr\u00e8s 1881<\/strong><\/p>\n<p style=\"text-align: center;\"><img decoding=\"async\" title=\"\" src=\"https:\/\/lesmaconsdelacreuse.fr\/annuaire\/wp-content\/uploads\/2019\/07\/image1-2970.jpg\" alt=\"\" data-asset-id=\"12429\" data-source-id=\"i.0\" \/><\/p>\n<h4 style=\"text-align: center;\"><span style=\"color: #008000;\"><strong>ma\u00e7on<\/strong><\/span><\/h4>\n<p style=\"text-align: center;\">n\u00e9 \u00e0 La Roche (Saint-Pardoux-Lavaud)<\/p>\n<p style=\"text-align: center;\">le 27 septembre 1819<\/p>\n<p style=\"text-align: center;\">fils de<\/p>\n<p style=\"text-align: center;\">Jacques THIBAUD,<span style=\"color: #008000;\"><strong> ma\u00e7on<\/strong><\/span><\/p>\n<p style=\"text-align: center;\">Jeanne QU\u00c9RIAUX, cultivatrice<\/p>\n<p style=\"text-align: center;\"><span style=\"color: #ffffff;\">\u25d9<\/span><\/p>\n<p><strong>En 1840<\/strong><em>, Philippe est dispens\u00e9 de service militaire pour d\u00e9faut de taille.<\/em><\/p>\n<p><strong>D\u00e8s 1856<\/strong><em>, il est \u00e0 <\/em><span style=\"color: #0000ff;\"><strong>Roanne (42)<\/strong><\/span><em> avec son \u00e9pouse Th\u00e9r\u00e8se <\/em><strong>MARSALON<\/strong><em>.<\/em><\/p>\n<p><strong> En 1881<\/strong><em>, ils\u00a0 y sont encore <\/em><em>.<\/em><\/p>\n","protected":false},"excerpt":{"rendered":"<p>Mis \u00e0 jour le : 29\/04\/2026Philippe THIBAUD 1819 \u2013 apr\u00e8s 1881 ma\u00e7on n\u00e9 \u00e0 La Roche (Saint-Pardoux-Lavaud) le 27 septembre 1819 fils de Jacques THIBAUD, ma\u00e7on Jeanne QU\u00c9RIAUX, cultivatrice \u25d9 En 1840, Philippe est dispens\u00e9 de service militaire pour d\u00e9faut de taille. D\u00e8s 1856, il est \u00e0 Roanne (42) avec son \u00e9pouse Th\u00e9r\u00e8se MARSALON. En ..<\/p>\n<div class=\"clear-fix\"><\/div>\n<p><a href=\"https:\/\/www.lesmaconsdelacreuse.fr\/annuaires\/lettre-t\/t_198\/\" title=\"Lire la suite...\">Lire la suite<\/a><\/p>\n","protected":false},"author":2,"featured_media":0,"comment_status":"closed","ping_status":"closed","sticky":false,"template":"","format":"standard","meta":{"_acf_changed":false,"_exactmetrics_skip_tracking":false,"_exactmetrics_sitenote_active":false,"_exactmetrics_sitenote_note":"","_exactmetrics_sitenote_category":0,"footnotes":""},"categories":[13],"tags":[],"class_list":["post-12430","post","type-post","status-publish","format-standard","hentry","category-lettre-t"],"acf":[],"_links":{"self":[{"href":"https:\/\/www.lesmaconsdelacreuse.fr\/annuaires\/wp-json\/wp\/v2\/posts\/12430","targetHints":{"allow":["GET"]}}],"collection":[{"href":"https:\/\/www.lesmaconsdelacreuse.fr\/annuaires\/wp-json\/wp\/v2\/posts"}],"about":[{"href":"https:\/\/www.lesmaconsdelacreuse.fr\/annuaires\/wp-json\/wp\/v2\/types\/post"}],"author":[{"embeddable":true,"href":"https:\/\/www.lesmaconsdelacreuse.fr\/annuaires\/wp-json\/wp\/v2\/users\/2"}],"replies":[{"embeddable":true,"href":"https:\/\/www.lesmaconsdelacreuse.fr\/annuaires\/wp-json\/wp\/v2\/comments?post=12430"}],"version-history":[{"count":0,"href":"https:\/\/www.lesmaconsdelacreuse.fr\/annuaires\/wp-json\/wp\/v2\/posts\/12430\/revisions"}],"wp:attachment":[{"href":"https:\/\/www.lesmaconsdelacreuse.fr\/annuaires\/wp-json\/wp\/v2\/media?parent=12430"}],"wp:term":[{"taxonomy":"category","embeddable":true,"href":"https:\/\/www.lesmaconsdelacreuse.fr\/annuaires\/wp-json\/wp\/v2\/categories?post=12430"},{"taxonomy":"post_tag","embeddable":true,"href":"https:\/\/www.lesmaconsdelacreuse.fr\/annuaires\/wp-json\/wp\/v2\/tags?post=12430"}],"curies":[{"name":"wp","href":"https:\/\/api.w.org\/{rel}","templated":true}]}}