{"id":12438,"date":"2019-07-28T16:13:19","date_gmt":"2019-07-28T14:13:19","guid":{"rendered":"http:\/\/lesmaconsdelacreuse.fr\/annuaire\/?p=12438"},"modified":"2020-01-20T11:23:58","modified_gmt":"2020-01-20T10:23:58","slug":"t_149","status":"publish","type":"post","link":"https:\/\/www.lesmaconsdelacreuse.fr\/annuaires\/lettre-t\/t_149\/","title":{"rendered":"TESSONNI\u00c8RE Antoine (1797-apr\u00e8s 1838)"},"content":{"rendered":"<p class=\"last-updated\"><strong>Mis \u00e0 jour le :<\/strong> 29\/04\/2026<\/p><h2 style=\"text-align: center;\"><strong>Antoine TESSONNI\u00c8RE<\/strong><\/h2>\n<p style=\"text-align: center;\"><strong>Antoine TEXONNI\u00c8RE<\/strong><\/p>\n<p style=\"text-align: center;\"><strong>1797 \u2013 apr\u00e8s 1838<\/strong><\/p>\n<p style=\"text-align: center;\"><img decoding=\"async\" title=\"\" src=\"https:\/\/lesmaconsdelacreuse.fr\/annuaire\/wp-content\/uploads\/2019\/07\/image1-2973.jpg\" alt=\"\" data-asset-id=\"12437\" data-source-id=\"i.0\" \/><\/p>\n<h4 style=\"text-align: center;\"><span style=\"color: #008000;\"><strong>ma\u00e7on <\/strong>et<strong> cultivateur<\/strong><\/span><\/h4>\n<p style=\"text-align: center;\">n\u00e9 \u00e0 Ladrat (Saint-Julien-le-Petit \u2013 87)<\/p>\n<p style=\"text-align: center;\">le 5 germinal an V (25 mars 1797)<\/p>\n<p style=\"text-align: center;\">fils de<\/p>\n<p style=\"text-align: center;\">L\u00e9onard TESSONNI\u00c8RE,<span style=\"color: #008000;\"><strong> ma\u00e7on <\/strong><\/span><strong>\/ <\/strong>Marguerite BARGAUD<\/p>\n<p style=\"text-align: center;\"><span style=\"color: #ffffff;\">\u25d9<\/span><\/p>\n<p><strong>En 1822<\/strong><em>, Antoine habite Le Clou, commune de Saint-Julien.<\/em><\/p>\n<p><em>Le 19 f\u00e9vrier de la m\u00eame ann\u00e9e, il y \u00e9pouse Catherine <\/em><strong>RAINAUD<\/strong><em> , servante.<\/em><\/p>\n<p><em>Elle d\u00e9c\u00e8de \u00e0 Mis\u00e9rat, commune de Peyrat, le 17 ao\u00fbt <\/em><strong>1824<\/strong><em>, \u00e2g\u00e9e de 30 ans environ.<\/em><\/p>\n<p><em>Antoine se remarie avec Jeanne <\/em><strong>LAIN\u00c9<\/strong><em> le 1er mars <\/em><strong>1825<\/strong><em> \u00e0 Saint-Martin-Ch\u00e2teau (contrat Jarrijon). Le couple habite d\u2019abord Boussac, commune de Saint-Martin.<\/em><\/p>\n<p><em> Jeanne d\u00e9c\u00e8de \u00e0 La Gorce, commune de Saint-Julien, le 11 d\u00e9cembre <\/em><strong>1836<\/strong><em>, \u00e2g\u00e9e de 32 ans. <\/em><\/p>\n<p><em>Antoine se marie une troisi\u00e8me fois, le 6 f\u00e9vrier <\/em><strong>1838<\/strong><em> \u00e0 Saint-Martin, avec Marie <\/em><strong>CATINAUD<\/strong><em> (contrat Jarrijon). <\/em><\/p>\n","protected":false},"excerpt":{"rendered":"<p>Mis \u00e0 jour le : 29\/04\/2026Antoine TESSONNI\u00c8RE Antoine TEXONNI\u00c8RE 1797 \u2013 apr\u00e8s 1838 ma\u00e7on et cultivateur n\u00e9 \u00e0 Ladrat (Saint-Julien-le-Petit \u2013 87) le 5 germinal an V (25 mars 1797) fils de L\u00e9onard TESSONNI\u00c8RE, ma\u00e7on \/ Marguerite BARGAUD \u25d9 En 1822, Antoine habite Le Clou, commune de Saint-Julien. Le 19 f\u00e9vrier de la m\u00eame ann\u00e9e, ..<\/p>\n<div class=\"clear-fix\"><\/div>\n<p><a href=\"https:\/\/www.lesmaconsdelacreuse.fr\/annuaires\/lettre-t\/t_149\/\" title=\"Lire la suite...\">Lire la suite<\/a><\/p>\n","protected":false},"author":2,"featured_media":0,"comment_status":"closed","ping_status":"closed","sticky":false,"template":"","format":"standard","meta":{"_acf_changed":false,"_exactmetrics_skip_tracking":false,"_exactmetrics_sitenote_active":false,"_exactmetrics_sitenote_note":"","_exactmetrics_sitenote_category":0,"footnotes":""},"categories":[13],"tags":[],"class_list":["post-12438","post","type-post","status-publish","format-standard","hentry","category-lettre-t"],"acf":[],"_links":{"self":[{"href":"https:\/\/www.lesmaconsdelacreuse.fr\/annuaires\/wp-json\/wp\/v2\/posts\/12438","targetHints":{"allow":["GET"]}}],"collection":[{"href":"https:\/\/www.lesmaconsdelacreuse.fr\/annuaires\/wp-json\/wp\/v2\/posts"}],"about":[{"href":"https:\/\/www.lesmaconsdelacreuse.fr\/annuaires\/wp-json\/wp\/v2\/types\/post"}],"author":[{"embeddable":true,"href":"https:\/\/www.lesmaconsdelacreuse.fr\/annuaires\/wp-json\/wp\/v2\/users\/2"}],"replies":[{"embeddable":true,"href":"https:\/\/www.lesmaconsdelacreuse.fr\/annuaires\/wp-json\/wp\/v2\/comments?post=12438"}],"version-history":[{"count":0,"href":"https:\/\/www.lesmaconsdelacreuse.fr\/annuaires\/wp-json\/wp\/v2\/posts\/12438\/revisions"}],"wp:attachment":[{"href":"https:\/\/www.lesmaconsdelacreuse.fr\/annuaires\/wp-json\/wp\/v2\/media?parent=12438"}],"wp:term":[{"taxonomy":"category","embeddable":true,"href":"https:\/\/www.lesmaconsdelacreuse.fr\/annuaires\/wp-json\/wp\/v2\/categories?post=12438"},{"taxonomy":"post_tag","embeddable":true,"href":"https:\/\/www.lesmaconsdelacreuse.fr\/annuaires\/wp-json\/wp\/v2\/tags?post=12438"}],"curies":[{"name":"wp","href":"https:\/\/api.w.org\/{rel}","templated":true}]}}