{"id":12440,"date":"2019-07-28T16:13:19","date_gmt":"2019-07-28T14:13:19","guid":{"rendered":"http:\/\/lesmaconsdelacreuse.fr\/annuaire\/?p=12440"},"modified":"2022-06-08T11:12:06","modified_gmt":"2022-06-08T09:12:06","slug":"t_185","status":"publish","type":"post","link":"https:\/\/www.lesmaconsdelacreuse.fr\/annuaires\/lettre-t\/t_185\/","title":{"rendered":"THIBAUD Jean (1846-apr\u00e8s 1878)"},"content":{"rendered":"<p class=\"last-updated\"><strong>Mis \u00e0 jour le :<\/strong> 29\/04\/2026<\/p><h2 style=\"text-align: center;\"><strong>Jean THIBAUD<\/strong><\/h2>\n<p style=\"text-align: center;\"><strong>1846 \u2013 apr\u00e8s 1878<\/strong><\/p>\n<p><a href=\"https:\/\/www.lesmaconsdelacreuse.fr\/annuaires\/wp-content\/uploads\/2019\/07\/THIBAUD-Jean-1846.jpg\"><img loading=\"lazy\" decoding=\"async\" class=\"size-full wp-image-200241 aligncenter\" src=\"https:\/\/www.lesmaconsdelacreuse.fr\/annuaires\/wp-content\/uploads\/2019\/07\/THIBAUD-Jean-1846.jpg\" alt=\"\" width=\"129\" height=\"45\" srcset=\"https:\/\/www.lesmaconsdelacreuse.fr\/annuaires\/wp-content\/uploads\/2019\/07\/THIBAUD-Jean-1846.jpg 129w, https:\/\/www.lesmaconsdelacreuse.fr\/annuaires\/wp-content\/uploads\/2019\/07\/THIBAUD-Jean-1846-16x6.jpg 16w\" sizes=\"auto, (max-width: 129px) 100vw, 129px\" \/><\/a><\/p>\n<h4 style=\"text-align: center;\"><span style=\"color: #008000;\"><strong>ma\u00e7on<\/strong><\/span><\/h4>\n<p style=\"text-align: center;\">n\u00e9 \u00e0 Fusinas (Saint-Martin-Ch\u00e2teau)<\/p>\n<p style=\"text-align: center;\">le 10 d\u00e9cembre 1846<\/p>\n<p style=\"text-align: center;\">fils de<\/p>\n<p style=\"text-align: center;\">Jean THIBAUD, <span style=\"color: #008000;\"><strong>ma\u00e7on<\/strong><\/span><\/p>\n<p style=\"text-align: center;\">Jeanne LEBLANC, cultivatrice<\/p>\n<p style=\"text-align: center;\"><span style=\"color: #ffffff;\">\u25d9<\/span><\/p>\n<p><strong>En 1867<\/strong><em>, Jean se pr\u00e9sente devant le conseil de r\u00e9vision avec une fracture \u00e0 la jambe.<\/em><\/p>\n<p><strong>En 1878<\/strong><em>, il habite <\/em><span style=\"color: #0000ff;\"><strong>La Verpilli\u00e8re (38)<\/strong><\/span><em>.<\/em><\/p>\n<p><em>\u00a0<\/em><em>Le 2 f\u00e9vrier de la m\u00eame ann\u00e9e, il y \u00e9pouse Louise <\/em><strong>CHEVALLIER,<\/strong><em> ling\u00e8re (contrat Gony).<\/em><\/p>\n","protected":false},"excerpt":{"rendered":"<p>Mis \u00e0 jour le : 29\/04\/2026Jean THIBAUD 1846 \u2013 apr\u00e8s 1878 ma\u00e7on n\u00e9 \u00e0 Fusinas (Saint-Martin-Ch\u00e2teau) le 10 d\u00e9cembre 1846 fils de Jean THIBAUD, ma\u00e7on Jeanne LEBLANC, cultivatrice \u25d9 En 1867, Jean se pr\u00e9sente devant le conseil de r\u00e9vision avec une fracture \u00e0 la jambe. En 1878, il habite La Verpilli\u00e8re (38). \u00a0Le 2 f\u00e9vrier ..<\/p>\n<div class=\"clear-fix\"><\/div>\n<p><a href=\"https:\/\/www.lesmaconsdelacreuse.fr\/annuaires\/lettre-t\/t_185\/\" title=\"Lire la suite...\">Lire la suite<\/a><\/p>\n","protected":false},"author":2,"featured_media":0,"comment_status":"closed","ping_status":"closed","sticky":false,"template":"","format":"standard","meta":{"_acf_changed":false,"_exactmetrics_skip_tracking":false,"_exactmetrics_sitenote_active":false,"_exactmetrics_sitenote_note":"","_exactmetrics_sitenote_category":0,"footnotes":""},"categories":[13],"tags":[],"class_list":["post-12440","post","type-post","status-publish","format-standard","hentry","category-lettre-t"],"acf":[],"_links":{"self":[{"href":"https:\/\/www.lesmaconsdelacreuse.fr\/annuaires\/wp-json\/wp\/v2\/posts\/12440","targetHints":{"allow":["GET"]}}],"collection":[{"href":"https:\/\/www.lesmaconsdelacreuse.fr\/annuaires\/wp-json\/wp\/v2\/posts"}],"about":[{"href":"https:\/\/www.lesmaconsdelacreuse.fr\/annuaires\/wp-json\/wp\/v2\/types\/post"}],"author":[{"embeddable":true,"href":"https:\/\/www.lesmaconsdelacreuse.fr\/annuaires\/wp-json\/wp\/v2\/users\/2"}],"replies":[{"embeddable":true,"href":"https:\/\/www.lesmaconsdelacreuse.fr\/annuaires\/wp-json\/wp\/v2\/comments?post=12440"}],"version-history":[{"count":3,"href":"https:\/\/www.lesmaconsdelacreuse.fr\/annuaires\/wp-json\/wp\/v2\/posts\/12440\/revisions"}],"predecessor-version":[{"id":200242,"href":"https:\/\/www.lesmaconsdelacreuse.fr\/annuaires\/wp-json\/wp\/v2\/posts\/12440\/revisions\/200242"}],"wp:attachment":[{"href":"https:\/\/www.lesmaconsdelacreuse.fr\/annuaires\/wp-json\/wp\/v2\/media?parent=12440"}],"wp:term":[{"taxonomy":"category","embeddable":true,"href":"https:\/\/www.lesmaconsdelacreuse.fr\/annuaires\/wp-json\/wp\/v2\/categories?post=12440"},{"taxonomy":"post_tag","embeddable":true,"href":"https:\/\/www.lesmaconsdelacreuse.fr\/annuaires\/wp-json\/wp\/v2\/tags?post=12440"}],"curies":[{"name":"wp","href":"https:\/\/api.w.org\/{rel}","templated":true}]}}