{"id":12445,"date":"2019-07-28T16:13:19","date_gmt":"2019-07-28T14:13:19","guid":{"rendered":"http:\/\/lesmaconsdelacreuse.fr\/annuaire\/?p=12445"},"modified":"2020-01-20T11:23:57","modified_gmt":"2020-01-20T10:23:57","slug":"t_184","status":"publish","type":"post","link":"https:\/\/www.lesmaconsdelacreuse.fr\/annuaires\/lettre-t\/t_184\/","title":{"rendered":"THIBAUD Jean (1839-1892)"},"content":{"rendered":"<p class=\"last-updated\"><strong>Mis \u00e0 jour le :<\/strong> 29\/04\/2026<\/p><h2 style=\"text-align: center;\"><strong>Jean THIBAUD<\/strong><\/h2>\n<p style=\"text-align: center;\"><strong>1839 \u2013 1892<\/strong><\/p>\n<p style=\"text-align: center;\"><img loading=\"lazy\" decoding=\"async\" class=\"\" title=\"\" src=\"https:\/\/lesmaconsdelacreuse.fr\/annuaire\/wp-content\/uploads\/2019\/07\/image1-2974.jpg\" alt=\"\" width=\"439\" height=\"165\" data-asset-id=\"12443\" data-source-id=\"i.0\" \/><\/p>\n<h4 style=\"text-align: center;\"><span style=\"color: #008000;\"><strong>ma\u00e7on <\/strong>et <strong>propri\u00e9taire cultivateur<\/strong><\/span><\/h4>\n<p style=\"text-align: center;\">n\u00e9 \u00e0 Fusinas (Saint-Martin-Ch\u00e2teau)<\/p>\n<p style=\"text-align: center;\">le 21 janvier 1839<\/p>\n<p style=\"text-align: center;\">fils de<\/p>\n<p style=\"text-align: center;\">Jean THIBAUD, <span style=\"color: #008000;\"><strong>ma\u00e7on<\/strong><\/span><\/p>\n<p style=\"text-align: center;\">Jeanne LEBLANC, cultivatrice<\/p>\n<p style=\"text-align: center;\"><span style=\"color: #ffffff;\">\u25d9<\/span><\/p>\n<p><em>Jean \u00e9pouse Catherine <\/em><strong>REDONDEAU<\/strong><em> le 9 f\u00e9vrier <\/em><strong>1863<\/strong><em> \u00e0 Saint-Martin (contrat Berger \u00e0 Bourganeuf).<\/em><\/p>\n<p><em> Ils habitent Boussac, commune de Saint-Martin, puis Chaleix, commune de Vidaillat.<\/em><\/p>\n<p><em>Jean d\u00e9c\u00e8de \u00e0 Chaleix le 21 octobre <\/em><strong>1892<\/strong><em>, \u00e2g\u00e9 de 53 ans. <\/em><\/p>\n<p><em>Sa veuve se remarie en 1894 avec Louis PLANCOULAINE, et d\u00e9c\u00e8de \u00e0 Chaleix le 19 mars 1914, \u00e2g\u00e9e de 69 ans.<\/em><\/p>\n","protected":false},"excerpt":{"rendered":"<p>Mis \u00e0 jour le : 29\/04\/2026Jean THIBAUD 1839 \u2013 1892 ma\u00e7on et propri\u00e9taire cultivateur n\u00e9 \u00e0 Fusinas (Saint-Martin-Ch\u00e2teau) le 21 janvier 1839 fils de Jean THIBAUD, ma\u00e7on Jeanne LEBLANC, cultivatrice \u25d9 Jean \u00e9pouse Catherine REDONDEAU le 9 f\u00e9vrier 1863 \u00e0 Saint-Martin (contrat Berger \u00e0 Bourganeuf). Ils habitent Boussac, commune de Saint-Martin, puis Chaleix, commune de ..<\/p>\n<div class=\"clear-fix\"><\/div>\n<p><a href=\"https:\/\/www.lesmaconsdelacreuse.fr\/annuaires\/lettre-t\/t_184\/\" title=\"Lire la suite...\">Lire la suite<\/a><\/p>\n","protected":false},"author":2,"featured_media":0,"comment_status":"closed","ping_status":"closed","sticky":false,"template":"","format":"standard","meta":{"_acf_changed":false,"_exactmetrics_skip_tracking":false,"_exactmetrics_sitenote_active":false,"_exactmetrics_sitenote_note":"","_exactmetrics_sitenote_category":0,"footnotes":""},"categories":[13],"tags":[],"class_list":["post-12445","post","type-post","status-publish","format-standard","hentry","category-lettre-t"],"acf":[],"_links":{"self":[{"href":"https:\/\/www.lesmaconsdelacreuse.fr\/annuaires\/wp-json\/wp\/v2\/posts\/12445","targetHints":{"allow":["GET"]}}],"collection":[{"href":"https:\/\/www.lesmaconsdelacreuse.fr\/annuaires\/wp-json\/wp\/v2\/posts"}],"about":[{"href":"https:\/\/www.lesmaconsdelacreuse.fr\/annuaires\/wp-json\/wp\/v2\/types\/post"}],"author":[{"embeddable":true,"href":"https:\/\/www.lesmaconsdelacreuse.fr\/annuaires\/wp-json\/wp\/v2\/users\/2"}],"replies":[{"embeddable":true,"href":"https:\/\/www.lesmaconsdelacreuse.fr\/annuaires\/wp-json\/wp\/v2\/comments?post=12445"}],"version-history":[{"count":0,"href":"https:\/\/www.lesmaconsdelacreuse.fr\/annuaires\/wp-json\/wp\/v2\/posts\/12445\/revisions"}],"wp:attachment":[{"href":"https:\/\/www.lesmaconsdelacreuse.fr\/annuaires\/wp-json\/wp\/v2\/media?parent=12445"}],"wp:term":[{"taxonomy":"category","embeddable":true,"href":"https:\/\/www.lesmaconsdelacreuse.fr\/annuaires\/wp-json\/wp\/v2\/categories?post=12445"},{"taxonomy":"post_tag","embeddable":true,"href":"https:\/\/www.lesmaconsdelacreuse.fr\/annuaires\/wp-json\/wp\/v2\/tags?post=12445"}],"curies":[{"name":"wp","href":"https:\/\/api.w.org\/{rel}","templated":true}]}}