{"id":12446,"date":"2019-07-28T16:13:19","date_gmt":"2019-07-28T14:13:19","guid":{"rendered":"http:\/\/lesmaconsdelacreuse.fr\/annuaire\/?p=12446"},"modified":"2020-01-20T11:23:57","modified_gmt":"2020-01-20T10:23:57","slug":"t_188","status":"publish","type":"post","link":"https:\/\/www.lesmaconsdelacreuse.fr\/annuaires\/lettre-t\/t_188\/","title":{"rendered":"THIBAUD Jean Marcelin (1870-apr\u00e8s 1916)"},"content":{"rendered":"<p class=\"last-updated\"><strong>Mis \u00e0 jour le :<\/strong> 29\/04\/2026<\/p><h2 style=\"text-align: center;\"><strong>Jean Marcelin THIBAUD<\/strong><\/h2>\n<p style=\"text-align: center;\"><strong>1870 \u2013 apr\u00e8s 1916<\/strong><\/p>\n<p style=\"text-align: center;\"><img decoding=\"async\" title=\"\" src=\"https:\/\/lesmaconsdelacreuse.fr\/annuaire\/wp-content\/uploads\/2019\/07\/image1-2975.jpg\" alt=\"\" data-asset-id=\"12444\" data-source-id=\"i.0\" \/><\/p>\n<h4 style=\"text-align: center;\"><span style=\"color: #008000;\"><strong>ma\u00e7on<\/strong><\/span><\/h4>\n<p style=\"text-align: center;\">n\u00e9 \u00e0 Boussac (Saint-Martin-Ch\u00e2teau)<\/p>\n<p style=\"text-align: center;\">le 26 avril 1870<\/p>\n<p style=\"text-align: center;\">fils de<\/p>\n<p style=\"text-align: center;\">Jean THIBAUD,<span style=\"color: #008000;\"><strong> ma\u00e7on <\/strong><\/span><strong>\/ <\/strong>Catherine REDONDEAU<\/p>\n<p style=\"text-align: center;\">propri\u00e9taires cultivateurs<\/p>\n<p style=\"text-align: center;\"><span style=\"color: #ffffff;\">\u25d9<\/span><\/p>\n<p><em>Jean \u00e9pouse Fran\u00e7oise Augustine <\/em><strong>AUTHIER<\/strong><em> le 4 mars <\/em><strong>1893<\/strong><em> au Monteil-au-Vicomte (contrat Toumieux \u00e0 Roy\u00e8re). <\/em><\/p>\n<p><em>Il travaille \u00e0 <\/em><span style=\"color: #0000ff;\"><strong>Paris (75)<\/strong><\/span><em>, et loge\u00a0:<\/em><\/p>\n<p><strong>en 1897<\/strong><em>, 30, rue Charlot\u00a0;<\/em><\/p>\n<p><strong>en 1899<\/strong><em>, 5, rue des \u00c9couffes\u00a0;<\/em><\/p>\n<p><strong>en 1900<\/strong><em>, 97, rue Clignancourt.<\/em><\/p>\n<p><em>Fran\u00e7oise d\u00e9c\u00e8de le 8 mars <\/em><strong>1946<\/strong> <em>\u00e0 Saint-Hilaire-le-Ch\u00e2teau, \u00e2g\u00e9e de 76 ans.<\/em><\/p>\n","protected":false},"excerpt":{"rendered":"<p>Mis \u00e0 jour le : 29\/04\/2026Jean Marcelin THIBAUD 1870 \u2013 apr\u00e8s 1916 ma\u00e7on n\u00e9 \u00e0 Boussac (Saint-Martin-Ch\u00e2teau) le 26 avril 1870 fils de Jean THIBAUD, ma\u00e7on \/ Catherine REDONDEAU propri\u00e9taires cultivateurs \u25d9 Jean \u00e9pouse Fran\u00e7oise Augustine AUTHIER le 4 mars 1893 au Monteil-au-Vicomte (contrat Toumieux \u00e0 Roy\u00e8re). Il travaille \u00e0 Paris (75), et loge\u00a0: en ..<\/p>\n<div class=\"clear-fix\"><\/div>\n<p><a href=\"https:\/\/www.lesmaconsdelacreuse.fr\/annuaires\/lettre-t\/t_188\/\" title=\"Lire la suite...\">Lire la suite<\/a><\/p>\n","protected":false},"author":2,"featured_media":0,"comment_status":"closed","ping_status":"closed","sticky":false,"template":"","format":"standard","meta":{"_acf_changed":false,"_exactmetrics_skip_tracking":false,"_exactmetrics_sitenote_active":false,"_exactmetrics_sitenote_note":"","_exactmetrics_sitenote_category":0,"footnotes":""},"categories":[13],"tags":[],"class_list":["post-12446","post","type-post","status-publish","format-standard","hentry","category-lettre-t"],"acf":[],"_links":{"self":[{"href":"https:\/\/www.lesmaconsdelacreuse.fr\/annuaires\/wp-json\/wp\/v2\/posts\/12446","targetHints":{"allow":["GET"]}}],"collection":[{"href":"https:\/\/www.lesmaconsdelacreuse.fr\/annuaires\/wp-json\/wp\/v2\/posts"}],"about":[{"href":"https:\/\/www.lesmaconsdelacreuse.fr\/annuaires\/wp-json\/wp\/v2\/types\/post"}],"author":[{"embeddable":true,"href":"https:\/\/www.lesmaconsdelacreuse.fr\/annuaires\/wp-json\/wp\/v2\/users\/2"}],"replies":[{"embeddable":true,"href":"https:\/\/www.lesmaconsdelacreuse.fr\/annuaires\/wp-json\/wp\/v2\/comments?post=12446"}],"version-history":[{"count":0,"href":"https:\/\/www.lesmaconsdelacreuse.fr\/annuaires\/wp-json\/wp\/v2\/posts\/12446\/revisions"}],"wp:attachment":[{"href":"https:\/\/www.lesmaconsdelacreuse.fr\/annuaires\/wp-json\/wp\/v2\/media?parent=12446"}],"wp:term":[{"taxonomy":"category","embeddable":true,"href":"https:\/\/www.lesmaconsdelacreuse.fr\/annuaires\/wp-json\/wp\/v2\/categories?post=12446"},{"taxonomy":"post_tag","embeddable":true,"href":"https:\/\/www.lesmaconsdelacreuse.fr\/annuaires\/wp-json\/wp\/v2\/tags?post=12446"}],"curies":[{"name":"wp","href":"https:\/\/api.w.org\/{rel}","templated":true}]}}