{"id":12460,"date":"2019-07-28T16:13:18","date_gmt":"2019-07-28T14:13:18","guid":{"rendered":"http:\/\/lesmaconsdelacreuse.fr\/annuaire\/?p=12460"},"modified":"2020-08-23T15:23:30","modified_gmt":"2020-08-23T13:23:30","slug":"t_164","status":"publish","type":"post","link":"https:\/\/www.lesmaconsdelacreuse.fr\/annuaires\/lettre-t\/t_164\/","title":{"rendered":"THEVENOT Fran\u00e7ois (1822-apr\u00e8s 1888)"},"content":{"rendered":"<p class=\"last-updated\"><strong>Mis \u00e0 jour le :<\/strong> 29\/04\/2026<\/p><h2 style=\"text-align: center;\"><strong>Fran\u00e7ois TH\u00c9VENOT<\/strong><\/h2>\n<p style=\"text-align: center;\"><strong>1822 \u2013 apr\u00e8s 1888<\/strong><\/p>\n<p style=\"text-align: center;\"><img decoding=\"async\" title=\"\" src=\"https:\/\/lesmaconsdelacreuse.fr\/annuaire\/wp-content\/uploads\/2019\/07\/image1-2982.jpg\" alt=\"\" data-asset-id=\"12459\" data-source-id=\"i.0\" \/><\/p>\n<h4 style=\"text-align: center;\"><span style=\"color: #008000;\"><strong>ma\u00e7on <\/strong>et <strong>propri\u00e9taire cultivateur<\/strong><\/span><\/h4>\n<p style=\"text-align: center;\">n\u00e9 au bourg de Roy\u00e8re<\/p>\n<p style=\"text-align: center;\">le 7 d\u00e9cembre 1822<\/p>\n<p style=\"text-align: center;\">fils de<\/p>\n<p style=\"text-align: center;\">Michel TH\u00c9VENOT \/ Marie BADADAN<\/p>\n<p style=\"text-align: center;\">propri\u00e9taires cultivateurs<\/p>\n<p style=\"text-align: center;\"><span style=\"color: #ffffff;\">\u25d9<\/span><\/p>\n<p><strong>En 1843<\/strong><em>, Fran\u00e7ois, souffrant d\u2019une maladie des yeux, est exempt\u00e9 de service militaire.<\/em><\/p>\n<p><em>Il \u00e9pouse Anne <\/em><strong>BARTHON<\/strong><em> le 22 f\u00e9vrier <\/em><strong>1848<\/strong><em> \u00e0 Roy\u00e8re (contrat Barjon \u00e0 La Nouaille). Le couple vit \u00e0 Arpeix, m\u00eame commune. <\/em><\/p>\n<p><em>Fran\u00e7ois travaille \u00e0 <\/em><span style=\"color: #0000ff;\"><strong>Bordeaux (33) <\/strong><\/span><em>et loge\u00a0:<\/em><\/p>\n<p><strong>en 1884<\/strong><em>, 7, rue des Augustins\u00a0;<\/em><\/p>\n<p><strong>en 1885 et 1887<\/strong><em>, 172, rue Billaudel;<\/em><\/p>\n<p><strong>en 1888<\/strong><em>, Place Simiot.<\/em><\/p>\n","protected":false},"excerpt":{"rendered":"<p>Mis \u00e0 jour le : 29\/04\/2026Fran\u00e7ois TH\u00c9VENOT 1822 \u2013 apr\u00e8s 1888 ma\u00e7on et propri\u00e9taire cultivateur n\u00e9 au bourg de Roy\u00e8re le 7 d\u00e9cembre 1822 fils de Michel TH\u00c9VENOT \/ Marie BADADAN propri\u00e9taires cultivateurs \u25d9 En 1843, Fran\u00e7ois, souffrant d\u2019une maladie des yeux, est exempt\u00e9 de service militaire. Il \u00e9pouse Anne BARTHON le 22 f\u00e9vrier 1848 ..<\/p>\n<div class=\"clear-fix\"><\/div>\n<p><a href=\"https:\/\/www.lesmaconsdelacreuse.fr\/annuaires\/lettre-t\/t_164\/\" title=\"Lire la suite...\">Lire la suite<\/a><\/p>\n","protected":false},"author":2,"featured_media":0,"comment_status":"closed","ping_status":"closed","sticky":false,"template":"","format":"standard","meta":{"_acf_changed":false,"_exactmetrics_skip_tracking":false,"_exactmetrics_sitenote_active":false,"_exactmetrics_sitenote_note":"","_exactmetrics_sitenote_category":0,"footnotes":""},"categories":[13],"tags":[],"class_list":["post-12460","post","type-post","status-publish","format-standard","hentry","category-lettre-t"],"acf":[],"_links":{"self":[{"href":"https:\/\/www.lesmaconsdelacreuse.fr\/annuaires\/wp-json\/wp\/v2\/posts\/12460","targetHints":{"allow":["GET"]}}],"collection":[{"href":"https:\/\/www.lesmaconsdelacreuse.fr\/annuaires\/wp-json\/wp\/v2\/posts"}],"about":[{"href":"https:\/\/www.lesmaconsdelacreuse.fr\/annuaires\/wp-json\/wp\/v2\/types\/post"}],"author":[{"embeddable":true,"href":"https:\/\/www.lesmaconsdelacreuse.fr\/annuaires\/wp-json\/wp\/v2\/users\/2"}],"replies":[{"embeddable":true,"href":"https:\/\/www.lesmaconsdelacreuse.fr\/annuaires\/wp-json\/wp\/v2\/comments?post=12460"}],"version-history":[{"count":0,"href":"https:\/\/www.lesmaconsdelacreuse.fr\/annuaires\/wp-json\/wp\/v2\/posts\/12460\/revisions"}],"wp:attachment":[{"href":"https:\/\/www.lesmaconsdelacreuse.fr\/annuaires\/wp-json\/wp\/v2\/media?parent=12460"}],"wp:term":[{"taxonomy":"category","embeddable":true,"href":"https:\/\/www.lesmaconsdelacreuse.fr\/annuaires\/wp-json\/wp\/v2\/categories?post=12460"},{"taxonomy":"post_tag","embeddable":true,"href":"https:\/\/www.lesmaconsdelacreuse.fr\/annuaires\/wp-json\/wp\/v2\/tags?post=12460"}],"curies":[{"name":"wp","href":"https:\/\/api.w.org\/{rel}","templated":true}]}}