{"id":12462,"date":"2019-07-28T16:13:18","date_gmt":"2019-07-28T14:13:18","guid":{"rendered":"http:\/\/lesmaconsdelacreuse.fr\/annuaire\/?p=12462"},"modified":"2020-01-20T11:23:58","modified_gmt":"2020-01-20T10:23:58","slug":"t_135","status":"publish","type":"post","link":"https:\/\/www.lesmaconsdelacreuse.fr\/annuaires\/lettre-t\/t_135\/","title":{"rendered":"THEILLAUD Jean (1837-1898)"},"content":{"rendered":"<p class=\"last-updated\"><strong>Mis \u00e0 jour le :<\/strong> 29\/04\/2026<\/p><h2 style=\"text-align: center;\"><strong>Jean THEILLAUD<\/strong><\/h2>\n<p style=\"text-align: center;\"><strong>1837 \u2013 1898<\/strong><\/p>\n<p style=\"text-align: center;\"><img decoding=\"async\" title=\"\" src=\"https:\/\/lesmaconsdelacreuse.fr\/annuaire\/wp-content\/uploads\/2019\/07\/image1-2983.jpg\" alt=\"\" data-asset-id=\"12461\" data-source-id=\"i.0\" \/><\/p>\n<h4 style=\"text-align: center;\"><span style=\"color: #008000;\"><strong>ma\u00e7on <\/strong>et <strong>propri\u00e9taire cultivateur<\/strong><\/span><\/h4>\n<p style=\"text-align: center;\">n\u00e9 \u00e0 La Barde (Saint-Moreil)<\/p>\n<p style=\"text-align: center;\">le 11 novembre 1837<\/p>\n<p style=\"text-align: center;\">fils de<\/p>\n<p style=\"text-align: center;\">L\u00e9onard THEILLAUD \/ Marie TRARIEUX<\/p>\n<p style=\"text-align: center;\">cultivateurs<\/p>\n<p style=\"text-align: center;\"><span style=\"color: #ffffff;\">\u25d9<\/span><\/p>\n<p><em>Jean \u00e9pouse Jeanne <\/em><strong>CH\u00c2TEAU<\/strong><em>, veuve de L\u00e9onard FOURNIER, le 24 f\u00e9vrier \u25ba<\/em><span style=\"color: #000000;\"><strong><a target=\"_blank\"style=\"color: #000000;\" href=\"https:\/\/www.lesmaconsdelacreuse.fr\/annuaires\/\/wp-content\/uploads\/DOCUMENTS\/1876_-_Jean_THEILLAUD_travaille_a_Charentay.pdf\">1876<\/a><\/strong><\/span><em> \u00e0 Saint-Pardoux-Lavaud (contrat Bonnenfant \u00e0 Bourganeuf).<\/em><\/p>\n<p><em> Sur le contrat de mariage, il est dit \u00ab\u00a0travaillant ordinairement \u00e0 Charent\u00e9, canton de Belleville-sur-Sa\u00f4ne\u00a0\u00bb. Il s\u2019agit en fait de <\/em><span style=\"color: #0000ff;\"><strong>Charentay (69)<\/strong><\/span><em>.<\/em><\/p>\n<p><em>Les \u00e9poux d\u00e9c\u00e8dent \u00e0 La Cour-de-Rozet\u00a0:<\/em><\/p>\n<ul>\n<li><em>Jean, le 25 juillet <\/em><strong>1898<\/strong><em>, \u00e2g\u00e9 de 60 ans<\/em><\/li>\n<li><em>Jeanne, le 31 mars <\/em><strong>1906<\/strong><em>, \u00e2g\u00e9e de 70 ans<\/em><\/li>\n<\/ul>\n","protected":false},"excerpt":{"rendered":"<p>Mis \u00e0 jour le : 29\/04\/2026Jean THEILLAUD 1837 \u2013 1898 ma\u00e7on et propri\u00e9taire cultivateur n\u00e9 \u00e0 La Barde (Saint-Moreil) le 11 novembre 1837 fils de L\u00e9onard THEILLAUD \/ Marie TRARIEUX cultivateurs \u25d9 Jean \u00e9pouse Jeanne CH\u00c2TEAU, veuve de L\u00e9onard FOURNIER, le 24 f\u00e9vrier \u25ba1876 \u00e0 Saint-Pardoux-Lavaud (contrat Bonnenfant \u00e0 Bourganeuf). Sur le contrat de mariage, ..<\/p>\n<div class=\"clear-fix\"><\/div>\n<p><a href=\"https:\/\/www.lesmaconsdelacreuse.fr\/annuaires\/lettre-t\/t_135\/\" title=\"Lire la suite...\">Lire la suite<\/a><\/p>\n","protected":false},"author":2,"featured_media":0,"comment_status":"closed","ping_status":"closed","sticky":false,"template":"","format":"standard","meta":{"_acf_changed":false,"_exactmetrics_skip_tracking":false,"_exactmetrics_sitenote_active":false,"_exactmetrics_sitenote_note":"","_exactmetrics_sitenote_category":0,"footnotes":""},"categories":[13],"tags":[],"class_list":["post-12462","post","type-post","status-publish","format-standard","hentry","category-lettre-t"],"acf":[],"_links":{"self":[{"href":"https:\/\/www.lesmaconsdelacreuse.fr\/annuaires\/wp-json\/wp\/v2\/posts\/12462","targetHints":{"allow":["GET"]}}],"collection":[{"href":"https:\/\/www.lesmaconsdelacreuse.fr\/annuaires\/wp-json\/wp\/v2\/posts"}],"about":[{"href":"https:\/\/www.lesmaconsdelacreuse.fr\/annuaires\/wp-json\/wp\/v2\/types\/post"}],"author":[{"embeddable":true,"href":"https:\/\/www.lesmaconsdelacreuse.fr\/annuaires\/wp-json\/wp\/v2\/users\/2"}],"replies":[{"embeddable":true,"href":"https:\/\/www.lesmaconsdelacreuse.fr\/annuaires\/wp-json\/wp\/v2\/comments?post=12462"}],"version-history":[{"count":0,"href":"https:\/\/www.lesmaconsdelacreuse.fr\/annuaires\/wp-json\/wp\/v2\/posts\/12462\/revisions"}],"wp:attachment":[{"href":"https:\/\/www.lesmaconsdelacreuse.fr\/annuaires\/wp-json\/wp\/v2\/media?parent=12462"}],"wp:term":[{"taxonomy":"category","embeddable":true,"href":"https:\/\/www.lesmaconsdelacreuse.fr\/annuaires\/wp-json\/wp\/v2\/categories?post=12462"},{"taxonomy":"post_tag","embeddable":true,"href":"https:\/\/www.lesmaconsdelacreuse.fr\/annuaires\/wp-json\/wp\/v2\/tags?post=12462"}],"curies":[{"name":"wp","href":"https:\/\/api.w.org\/{rel}","templated":true}]}}