{"id":12467,"date":"2019-07-28T16:13:17","date_gmt":"2019-07-28T14:13:17","guid":{"rendered":"http:\/\/lesmaconsdelacreuse.fr\/annuaire\/?p=12467"},"modified":"2021-12-16T21:19:16","modified_gmt":"2021-12-16T20:19:16","slug":"t_147","status":"publish","type":"post","link":"https:\/\/www.lesmaconsdelacreuse.fr\/annuaires\/lettre-t\/t_147\/","title":{"rendered":"TERRASSIER Jean (1877-entre 1930 et 1962)"},"content":{"rendered":"<p class=\"last-updated\"><strong>Mis \u00e0 jour le :<\/strong> 29\/04\/2026<\/p><h2 style=\"text-align: center;\"><strong>Jean TERRASSIER<\/strong><\/h2>\n<p style=\"text-align: center;\"><strong>1877 \u2013 entre 1930 et 1962<\/strong><\/p>\n<p style=\"text-align: center;\"><img decoding=\"async\" title=\"\" src=\"https:\/\/lesmaconsdelacreuse.fr\/annuaire\/wp-content\/uploads\/2019\/07\/image1-2985.jpg\" alt=\"\" data-asset-id=\"12466\" data-source-id=\"i.0\" \/><\/p>\n<h4 style=\"text-align: center;\"><span style=\"color: #008000;\"><strong>ma\u00e7on <\/strong>et<strong> cantonnier<\/strong><strong>; <\/strong><strong>propri\u00e9taire cultivateur<\/strong><\/span><\/h4>\n<p style=\"text-align: center;\">n\u00e9 au bourg de Saint-Moreil<\/p>\n<p style=\"text-align: center;\">le 1er f\u00e9vrier 1877<\/p>\n<p style=\"text-align: center;\">fils de<\/p>\n<p style=\"text-align: center;\">Jean TERRASSIER, cantonnier<\/p>\n<p style=\"text-align: center;\">Marie VINCENT, cultivatrice<\/p>\n<p style=\"text-align: center;\"><span style=\"color: #ffffff;\">\u25d9<\/span><\/p>\n<p><strong>En 1898<\/strong><em>, Jean, <\/em><span style=\"color: #008000;\"><strong>ma\u00e7on<\/strong><\/span><em>, travaille dans la <\/em><span style=\"color: #0000ff;\"><strong>Seine (75)<\/strong><\/span><em>, et y passe le conseil de r\u00e9vision. Il est dispens\u00e9 de service militaire comme fils a\u00een\u00e9 de septuag\u00e9naire.<\/em><\/p>\n<p><em> Il \u00e9pouse Jeanne <\/em><strong>BOSGIRAUD <\/strong><em>le 18 f\u00e9vrier <\/em><strong>1901<\/strong><em> \u00e0 Saint-Moreil (contrat Raymond \u00e0 Eymoutiers \u2013 87).<\/em><\/p>\n<p><strong>En 1927<\/strong><em>, il est propri\u00e9taire cultivateur \u00e0 Saint-Moreil\u00a0;<\/em><\/p>\n<p><strong>en 1930<\/strong><em>, il y est <\/em><span style=\"color: #008000;\"><strong>cantonnier<\/strong><\/span><em>.<\/em><\/p>\n<p><em>Jeanne d\u00e9c\u00e8de veuve au village du Pommier, commune de Saint-Moreil, le 23 d\u00e9cembre <\/em><strong>1962<\/strong><em>, \u00e2g\u00e9e de 83 ans.<\/em><\/p>\n","protected":false},"excerpt":{"rendered":"<p>Mis \u00e0 jour le : 29\/04\/2026Jean TERRASSIER 1877 \u2013 entre 1930 et 1962 ma\u00e7on et cantonnier; propri\u00e9taire cultivateur n\u00e9 au bourg de Saint-Moreil le 1er f\u00e9vrier 1877 fils de Jean TERRASSIER, cantonnier Marie VINCENT, cultivatrice \u25d9 En 1898, Jean, ma\u00e7on, travaille dans la Seine (75), et y passe le conseil de r\u00e9vision. Il est dispens\u00e9 ..<\/p>\n<div class=\"clear-fix\"><\/div>\n<p><a href=\"https:\/\/www.lesmaconsdelacreuse.fr\/annuaires\/lettre-t\/t_147\/\" title=\"Lire la suite...\">Lire la suite<\/a><\/p>\n","protected":false},"author":2,"featured_media":0,"comment_status":"closed","ping_status":"closed","sticky":false,"template":"","format":"standard","meta":{"_acf_changed":false,"_exactmetrics_skip_tracking":false,"_exactmetrics_sitenote_active":false,"_exactmetrics_sitenote_note":"","_exactmetrics_sitenote_category":0,"footnotes":""},"categories":[13],"tags":[],"class_list":["post-12467","post","type-post","status-publish","format-standard","hentry","category-lettre-t"],"acf":[],"_links":{"self":[{"href":"https:\/\/www.lesmaconsdelacreuse.fr\/annuaires\/wp-json\/wp\/v2\/posts\/12467","targetHints":{"allow":["GET"]}}],"collection":[{"href":"https:\/\/www.lesmaconsdelacreuse.fr\/annuaires\/wp-json\/wp\/v2\/posts"}],"about":[{"href":"https:\/\/www.lesmaconsdelacreuse.fr\/annuaires\/wp-json\/wp\/v2\/types\/post"}],"author":[{"embeddable":true,"href":"https:\/\/www.lesmaconsdelacreuse.fr\/annuaires\/wp-json\/wp\/v2\/users\/2"}],"replies":[{"embeddable":true,"href":"https:\/\/www.lesmaconsdelacreuse.fr\/annuaires\/wp-json\/wp\/v2\/comments?post=12467"}],"version-history":[{"count":2,"href":"https:\/\/www.lesmaconsdelacreuse.fr\/annuaires\/wp-json\/wp\/v2\/posts\/12467\/revisions"}],"predecessor-version":[{"id":193228,"href":"https:\/\/www.lesmaconsdelacreuse.fr\/annuaires\/wp-json\/wp\/v2\/posts\/12467\/revisions\/193228"}],"wp:attachment":[{"href":"https:\/\/www.lesmaconsdelacreuse.fr\/annuaires\/wp-json\/wp\/v2\/media?parent=12467"}],"wp:term":[{"taxonomy":"category","embeddable":true,"href":"https:\/\/www.lesmaconsdelacreuse.fr\/annuaires\/wp-json\/wp\/v2\/categories?post=12467"},{"taxonomy":"post_tag","embeddable":true,"href":"https:\/\/www.lesmaconsdelacreuse.fr\/annuaires\/wp-json\/wp\/v2\/tags?post=12467"}],"curies":[{"name":"wp","href":"https:\/\/api.w.org\/{rel}","templated":true}]}}