{"id":12469,"date":"2019-07-28T16:13:17","date_gmt":"2019-07-28T14:13:17","guid":{"rendered":"http:\/\/lesmaconsdelacreuse.fr\/annuaire\/?p=12469"},"modified":"2020-01-20T11:23:59","modified_gmt":"2020-01-20T10:23:59","slug":"t_156","status":"publish","type":"post","link":"https:\/\/www.lesmaconsdelacreuse.fr\/annuaires\/lettre-t\/t_156\/","title":{"rendered":"TEYTON L\u00e9onard (1836-1904)"},"content":{"rendered":"<p class=\"last-updated\"><strong>Mis \u00e0 jour le :<\/strong> 29\/04\/2026<\/p><h2 style=\"text-align: center;\"><strong>L\u00e9onard TEYTON<\/strong><\/h2>\n<p style=\"text-align: center;\"><strong>1836 \u2013 1904<\/strong><\/p>\n<p style=\"text-align: center;\"><img decoding=\"async\" title=\"\" src=\"https:\/\/lesmaconsdelacreuse.fr\/annuaire\/wp-content\/uploads\/2019\/07\/image1-188.png\" alt=\"\" data-asset-id=\"12468\" data-source-id=\"i.0\" \/><\/p>\n<h4 style=\"text-align: center;\"><span style=\"color: #008000;\"><strong>ma\u00e7on<\/strong><\/span><\/h4>\n<p style=\"text-align: center;\">n\u00e9 \u00e0 Vauveix (Roy\u00e8re)<\/p>\n<p style=\"text-align: center;\">le 26 juillet 1836<\/p>\n<p style=\"text-align: center;\">fils de<\/p>\n<p style=\"text-align: center;\">Pierre TEYTON, tailleur d\u2019habits<\/p>\n<p style=\"text-align: center;\">Marie LENOIR, cultivatrice<\/p>\n<p style=\"text-align: center;\"><span style=\"color: #ffffff;\">\u25d9<\/span><\/p>\n<p><strong>Avant 1870<\/strong><em>, L\u00e9onard \u00e9pouse Anne <\/em><strong>CHAPEAUBLANC<\/strong> <em>.<\/em><\/p>\n<p><strong>En 1870<\/strong>, <em>ils habitent <\/em><span style=\"color: #0000ff;\"><strong>Lyon (69)<\/strong><\/span><em> 9, rue Cuvier, 1er\u00a0arrondissement\u00a0;<\/em><\/p>\n<p><strong>en 1879<\/strong><em>, <\/em><span style=\"color: #0000ff;\"><strong>Villeurbanne (69)<\/strong><\/span><em>, 22, chemin Saint-Antoine.<\/em><\/p>\n<p><em>Anne d\u00e9c\u00e8de \u00e0 cette adresse le 22 juin <\/em><strong>1885<\/strong>,<em> \u00e2g\u00e9e de 44 ans. <\/em><\/p>\n<p><em>Toujours domicili\u00e9 \u00e0 Villeurbanne, L\u00e9onard se remarie avec Jeanne <\/em><strong>CARRAUD<\/strong><em>, veuve de Jean MAGADOUX, ma\u00eetre ma\u00e7on, le 4 mai <\/em><strong>1888<\/strong><em> \u00e0 Bully (69)<\/em> <em>(mari\u00e9s sans contrat).<\/em><\/p>\n<p><strong>En 1904<\/strong><em>, ils habitent Lyon, 7, rue du Milieu, 3e arrondissement.<\/em><\/p>\n<p><em>Ils d\u00e9c\u00e8dent\u00a0:<\/em><\/p>\n<ul>\n<li><em>L\u00e9onard, \u00e0 cette derni\u00e8re adresse, le 12 avril de la m\u00eame ann\u00e9e, \u00e2g\u00e9 de 67 ans<\/em><\/li>\n<li><em>Jeanne, 27, rue de Baraban, le 31 juillet <\/em><strong>1921<\/strong><em>, \u00e2g\u00e9e de 75 ans<\/em><\/li>\n<\/ul>\n","protected":false},"excerpt":{"rendered":"<p>Mis \u00e0 jour le : 29\/04\/2026L\u00e9onard TEYTON 1836 \u2013 1904 ma\u00e7on n\u00e9 \u00e0 Vauveix (Roy\u00e8re) le 26 juillet 1836 fils de Pierre TEYTON, tailleur d\u2019habits Marie LENOIR, cultivatrice \u25d9 Avant 1870, L\u00e9onard \u00e9pouse Anne CHAPEAUBLANC . En 1870, ils habitent Lyon (69) 9, rue Cuvier, 1er\u00a0arrondissement\u00a0; en 1879, Villeurbanne (69), 22, chemin Saint-Antoine. Anne d\u00e9c\u00e8de ..<\/p>\n<div class=\"clear-fix\"><\/div>\n<p><a href=\"https:\/\/www.lesmaconsdelacreuse.fr\/annuaires\/lettre-t\/t_156\/\" title=\"Lire la suite...\">Lire la suite<\/a><\/p>\n","protected":false},"author":2,"featured_media":0,"comment_status":"closed","ping_status":"closed","sticky":false,"template":"","format":"standard","meta":{"_acf_changed":false,"_exactmetrics_skip_tracking":false,"_exactmetrics_sitenote_active":false,"_exactmetrics_sitenote_note":"","_exactmetrics_sitenote_category":0,"footnotes":""},"categories":[13],"tags":[],"class_list":["post-12469","post","type-post","status-publish","format-standard","hentry","category-lettre-t"],"acf":[],"_links":{"self":[{"href":"https:\/\/www.lesmaconsdelacreuse.fr\/annuaires\/wp-json\/wp\/v2\/posts\/12469","targetHints":{"allow":["GET"]}}],"collection":[{"href":"https:\/\/www.lesmaconsdelacreuse.fr\/annuaires\/wp-json\/wp\/v2\/posts"}],"about":[{"href":"https:\/\/www.lesmaconsdelacreuse.fr\/annuaires\/wp-json\/wp\/v2\/types\/post"}],"author":[{"embeddable":true,"href":"https:\/\/www.lesmaconsdelacreuse.fr\/annuaires\/wp-json\/wp\/v2\/users\/2"}],"replies":[{"embeddable":true,"href":"https:\/\/www.lesmaconsdelacreuse.fr\/annuaires\/wp-json\/wp\/v2\/comments?post=12469"}],"version-history":[{"count":0,"href":"https:\/\/www.lesmaconsdelacreuse.fr\/annuaires\/wp-json\/wp\/v2\/posts\/12469\/revisions"}],"wp:attachment":[{"href":"https:\/\/www.lesmaconsdelacreuse.fr\/annuaires\/wp-json\/wp\/v2\/media?parent=12469"}],"wp:term":[{"taxonomy":"category","embeddable":true,"href":"https:\/\/www.lesmaconsdelacreuse.fr\/annuaires\/wp-json\/wp\/v2\/categories?post=12469"},{"taxonomy":"post_tag","embeddable":true,"href":"https:\/\/www.lesmaconsdelacreuse.fr\/annuaires\/wp-json\/wp\/v2\/tags?post=12469"}],"curies":[{"name":"wp","href":"https:\/\/api.w.org\/{rel}","templated":true}]}}