{"id":12472,"date":"2019-07-28T16:13:17","date_gmt":"2019-07-28T14:13:17","guid":{"rendered":"http:\/\/lesmaconsdelacreuse.fr\/annuaire\/?p=12472"},"modified":"2020-10-05T14:33:15","modified_gmt":"2020-10-05T12:33:15","slug":"t_140","status":"publish","type":"post","link":"https:\/\/www.lesmaconsdelacreuse.fr\/annuaires\/lettre-t\/t_140\/","title":{"rendered":"TERRASSIER \u00c9mile Gabriel (1911-1989)"},"content":{"rendered":"<p class=\"last-updated\"><strong>Mis \u00e0 jour le :<\/strong> 29\/04\/2026<\/p><h2 style=\"text-align: center;\"><strong>\u00c9mile Gabriel TERRASSIER<\/strong><\/h2>\n<p style=\"text-align: center;\"><strong>\u00c9mile TERRASSIER<\/strong><\/p>\n<p style=\"text-align: center;\"><strong>1911 \u2013 1989<\/strong><\/p>\n<p style=\"text-align: center;\"><img decoding=\"async\" title=\"\" src=\"https:\/\/lesmaconsdelacreuse.fr\/annuaire\/wp-content\/uploads\/2019\/07\/image1-2986.jpg\" alt=\"\" data-asset-id=\"12471\" data-source-id=\"i.0\" \/><\/p>\n<h4 style=\"text-align: center;\"><span style=\"color: #008000;\"><strong><a href=\"https:\/\/www.lesmaconsdelacreuse.fr\/annuaires\/wp-content\/uploads\/2020\/07\/TAILLEUR-DE-PIERRE.png\">\u25ba <span style=\"color: #008000;\">tailleur de pierre<\/span><\/a> <\/strong>et<strong> cultivateur <\/strong>puis <strong>ouvrier d\u2019usine<\/strong><\/span><\/h4>\n<p>&nbsp;<\/p>\n<p style=\"text-align: center;\">n\u00e9 \u00e0 La Chassagne (Saint-Martin-Ch\u00e2teau)<\/p>\n<p style=\"text-align: center;\">le 24 avril 1911<\/p>\n<p style=\"text-align: center;\">fils de<\/p>\n<p style=\"text-align: center;\">Fran\u00e7ois Charles TERRASSIER \/ Marie DEVARD<\/p>\n<p style=\"text-align: center;\">cultivateurs<\/p>\n<p style=\"text-align: center;\"><span style=\"color: #ffffff;\">\u25d9<\/span><\/p>\n<p><em>\u00c9mile \u00e9pouse Marie Suzanne Odette <\/em><strong>CHANARD<\/strong><em> le 8 janvier <\/em><strong>1938<\/strong><em> \u00e0 Roy\u00e8re (mari\u00e9s sans contrat).<\/em><\/p>\n<p><em> Ils habitent Le Picq, m\u00eame commune. <\/em><\/p>\n<p><em>Ils d\u00e9c\u00e8dent\u00a0:<\/em><\/p>\n<ul>\n<li><em>Suzanne, \u00e0 Limoges, le 21 f\u00e9vrier <\/em><strong>1985<\/strong><em>, \u00e2g\u00e9e de 70 ans<\/em><\/li>\n<li><em>\u00c9mile, \u00e0 Gu\u00e9ret, le 15 mai <\/em><strong>1989<\/strong><em>, \u00e2g\u00e9 de 78 ans<\/em><\/li>\n<\/ul>\n<p>&nbsp;<\/p>\n","protected":false},"excerpt":{"rendered":"<p>Mis \u00e0 jour le : 29\/04\/2026\u00c9mile Gabriel TERRASSIER \u00c9mile TERRASSIER 1911 \u2013 1989 \u25ba tailleur de pierre et cultivateur puis ouvrier d\u2019usine &nbsp; n\u00e9 \u00e0 La Chassagne (Saint-Martin-Ch\u00e2teau) le 24 avril 1911 fils de Fran\u00e7ois Charles TERRASSIER \/ Marie DEVARD cultivateurs \u25d9 \u00c9mile \u00e9pouse Marie Suzanne Odette CHANARD le 8 janvier 1938 \u00e0 Roy\u00e8re (mari\u00e9s ..<\/p>\n<div class=\"clear-fix\"><\/div>\n<p><a href=\"https:\/\/www.lesmaconsdelacreuse.fr\/annuaires\/lettre-t\/t_140\/\" title=\"Lire la suite...\">Lire la suite<\/a><\/p>\n","protected":false},"author":2,"featured_media":0,"comment_status":"closed","ping_status":"closed","sticky":false,"template":"","format":"standard","meta":{"_acf_changed":false,"_exactmetrics_skip_tracking":false,"_exactmetrics_sitenote_active":false,"_exactmetrics_sitenote_note":"","_exactmetrics_sitenote_category":0,"footnotes":""},"categories":[13],"tags":[],"class_list":["post-12472","post","type-post","status-publish","format-standard","hentry","category-lettre-t"],"acf":[],"_links":{"self":[{"href":"https:\/\/www.lesmaconsdelacreuse.fr\/annuaires\/wp-json\/wp\/v2\/posts\/12472","targetHints":{"allow":["GET"]}}],"collection":[{"href":"https:\/\/www.lesmaconsdelacreuse.fr\/annuaires\/wp-json\/wp\/v2\/posts"}],"about":[{"href":"https:\/\/www.lesmaconsdelacreuse.fr\/annuaires\/wp-json\/wp\/v2\/types\/post"}],"author":[{"embeddable":true,"href":"https:\/\/www.lesmaconsdelacreuse.fr\/annuaires\/wp-json\/wp\/v2\/users\/2"}],"replies":[{"embeddable":true,"href":"https:\/\/www.lesmaconsdelacreuse.fr\/annuaires\/wp-json\/wp\/v2\/comments?post=12472"}],"version-history":[{"count":0,"href":"https:\/\/www.lesmaconsdelacreuse.fr\/annuaires\/wp-json\/wp\/v2\/posts\/12472\/revisions"}],"wp:attachment":[{"href":"https:\/\/www.lesmaconsdelacreuse.fr\/annuaires\/wp-json\/wp\/v2\/media?parent=12472"}],"wp:term":[{"taxonomy":"category","embeddable":true,"href":"https:\/\/www.lesmaconsdelacreuse.fr\/annuaires\/wp-json\/wp\/v2\/categories?post=12472"},{"taxonomy":"post_tag","embeddable":true,"href":"https:\/\/www.lesmaconsdelacreuse.fr\/annuaires\/wp-json\/wp\/v2\/tags?post=12472"}],"curies":[{"name":"wp","href":"https:\/\/api.w.org\/{rel}","templated":true}]}}