{"id":12484,"date":"2019-07-28T16:13:16","date_gmt":"2019-07-28T14:13:16","guid":{"rendered":"http:\/\/lesmaconsdelacreuse.fr\/annuaire\/?p=12484"},"modified":"2020-01-20T11:24:00","modified_gmt":"2020-01-20T10:24:00","slug":"t_141","status":"publish","type":"post","link":"https:\/\/www.lesmaconsdelacreuse.fr\/annuaires\/lettre-t\/t_141\/","title":{"rendered":"TERRASSIER Fran\u00e7ois (1850-1902)"},"content":{"rendered":"<p class=\"last-updated\"><strong>Mis \u00e0 jour le :<\/strong> 29\/04\/2026<\/p><h2 style=\"text-align: center;\"><strong>Fran\u00e7ois TERRASSIER<\/strong><\/h2>\n<p style=\"text-align: center;\"><strong>1850 \u2013 1902<\/strong><\/p>\n<p style=\"text-align: center;\"><img decoding=\"async\" title=\"\" src=\"https:\/\/lesmaconsdelacreuse.fr\/annuaire\/wp-content\/uploads\/2019\/07\/image1-2991.jpg\" alt=\"\" data-asset-id=\"12483\" data-source-id=\"i.0\" \/><\/p>\n<h4 style=\"text-align: center;\"><span style=\"color: #008000;\"><strong>ma\u00e7on<\/strong><\/span><\/h4>\n<p style=\"text-align: center;\">n\u00e9 aux Bordes (Roy\u00e8re)<\/p>\n<p style=\"text-align: center;\">le 15 novembre 1850<\/p>\n<p style=\"text-align: center;\">fils de<\/p>\n<p style=\"text-align: center;\">Jean TERRASSIER,<span style=\"color: #008000;\"><strong> ma\u00e7on<\/strong><\/span><\/p>\n<p style=\"text-align: center;\">Catherine THIBAUD, cultivatrice<\/p>\n<p style=\"text-align: center;\"><span style=\"color: #ffffff;\">\u25d9<\/span><\/p>\n<p><strong>En 1871<\/strong><em>, Fran\u00e7ois travaille en <\/em><span style=\"color: #0000ff;\"><strong>Charente (16)<\/strong><\/span><em>, et y passe le conseil de r\u00e9vision. Dispens\u00e9 de service actif, il est vers\u00e9 dans les services auxiliaires, pour cause de hernie.<\/em><\/p>\n<p><em> Il \u00e9pouse Anne <\/em><strong>JAGAILLE<\/strong><em> le 16 janvier <\/em><strong>1877<\/strong> <em>\u00e0 Roy\u00e8re (contrat Gioux \u00e0 Faux-la-Montagne).<\/em><\/p>\n<p><em> Ils habitent le bourg de Roy\u00e8re.<\/em><\/p>\n<p><em>Fran\u00e7ois y d\u00e9c\u00e8de le 30 mai <\/em><strong>1902<\/strong><em>, \u00e2g\u00e9 de 51 ans.<\/em><\/p>\n","protected":false},"excerpt":{"rendered":"<p>Mis \u00e0 jour le : 29\/04\/2026Fran\u00e7ois TERRASSIER 1850 \u2013 1902 ma\u00e7on n\u00e9 aux Bordes (Roy\u00e8re) le 15 novembre 1850 fils de Jean TERRASSIER, ma\u00e7on Catherine THIBAUD, cultivatrice \u25d9 En 1871, Fran\u00e7ois travaille en Charente (16), et y passe le conseil de r\u00e9vision. Dispens\u00e9 de service actif, il est vers\u00e9 dans les services auxiliaires, pour cause ..<\/p>\n<div class=\"clear-fix\"><\/div>\n<p><a href=\"https:\/\/www.lesmaconsdelacreuse.fr\/annuaires\/lettre-t\/t_141\/\" title=\"Lire la suite...\">Lire la suite<\/a><\/p>\n","protected":false},"author":2,"featured_media":0,"comment_status":"closed","ping_status":"closed","sticky":false,"template":"","format":"standard","meta":{"_acf_changed":false,"_exactmetrics_skip_tracking":false,"_exactmetrics_sitenote_active":false,"_exactmetrics_sitenote_note":"","_exactmetrics_sitenote_category":0,"footnotes":""},"categories":[13],"tags":[],"class_list":["post-12484","post","type-post","status-publish","format-standard","hentry","category-lettre-t"],"acf":[],"_links":{"self":[{"href":"https:\/\/www.lesmaconsdelacreuse.fr\/annuaires\/wp-json\/wp\/v2\/posts\/12484","targetHints":{"allow":["GET"]}}],"collection":[{"href":"https:\/\/www.lesmaconsdelacreuse.fr\/annuaires\/wp-json\/wp\/v2\/posts"}],"about":[{"href":"https:\/\/www.lesmaconsdelacreuse.fr\/annuaires\/wp-json\/wp\/v2\/types\/post"}],"author":[{"embeddable":true,"href":"https:\/\/www.lesmaconsdelacreuse.fr\/annuaires\/wp-json\/wp\/v2\/users\/2"}],"replies":[{"embeddable":true,"href":"https:\/\/www.lesmaconsdelacreuse.fr\/annuaires\/wp-json\/wp\/v2\/comments?post=12484"}],"version-history":[{"count":0,"href":"https:\/\/www.lesmaconsdelacreuse.fr\/annuaires\/wp-json\/wp\/v2\/posts\/12484\/revisions"}],"wp:attachment":[{"href":"https:\/\/www.lesmaconsdelacreuse.fr\/annuaires\/wp-json\/wp\/v2\/media?parent=12484"}],"wp:term":[{"taxonomy":"category","embeddable":true,"href":"https:\/\/www.lesmaconsdelacreuse.fr\/annuaires\/wp-json\/wp\/v2\/categories?post=12484"},{"taxonomy":"post_tag","embeddable":true,"href":"https:\/\/www.lesmaconsdelacreuse.fr\/annuaires\/wp-json\/wp\/v2\/tags?post=12484"}],"curies":[{"name":"wp","href":"https:\/\/api.w.org\/{rel}","templated":true}]}}