{"id":12486,"date":"2019-07-28T16:13:16","date_gmt":"2019-07-28T14:13:16","guid":{"rendered":"http:\/\/lesmaconsdelacreuse.fr\/annuaire\/?p=12486"},"modified":"2020-10-03T14:10:31","modified_gmt":"2020-10-03T12:10:31","slug":"t_154","status":"publish","type":"post","link":"https:\/\/www.lesmaconsdelacreuse.fr\/annuaires\/lettre-t\/t_154\/","title":{"rendered":"TEYTON L\u00e9ger (1776-1836)"},"content":{"rendered":"<p class=\"last-updated\"><strong>Mis \u00e0 jour le :<\/strong> 29\/04\/2026<\/p><h2 style=\"text-align: center;\"><strong>L\u00e9ger TEYTON<\/strong><\/h2>\n<p style=\"text-align: center;\"><strong>1776 \u2013 1836<\/strong><\/p>\n<p style=\"text-align: center;\"><img decoding=\"async\" title=\"\" src=\"https:\/\/lesmaconsdelacreuse.fr\/annuaire\/wp-content\/uploads\/2019\/07\/image1-2992.jpg\" alt=\"\" data-asset-id=\"12485\" data-source-id=\"i.0\" \/><\/p>\n<h4 style=\"text-align: center;\"><span style=\"color: #008000;\"><strong>ma\u00e7on<\/strong> et \u25ba<a href=\"https:\/\/www.lesmaconsdelacreuse.fr\/annuaires\/wp-content\/uploads\/2020\/08\/SCIEUR-DE-LONG.png\" target=\"_blank\" rel=\"noopener noreferrer\"><strong><span style=\"color: #008000;\">scieur de long<\/span><\/strong><\/a>; <strong>cultivateur<\/strong><\/span><\/h4>\n<p>&nbsp;<\/p>\n<p style=\"text-align: center;\">n\u00e9 \u00e0 Villemoneix (Gentioux)<\/p>\n<p style=\"text-align: center;\">le 14 avril 1776<\/p>\n<p style=\"text-align: center;\">fils de<\/p>\n<p style=\"text-align: center;\">L\u00e9onard TEYTON \/ Catherine AUDOUZE<\/p>\n<p style=\"text-align: center;\">manouvriers<\/p>\n<p style=\"text-align: center;\"><span style=\"color: #ffffff;\">\u25d9<\/span><\/p>\n<p><em>L\u00e9ger \u00e9pouse Marie <\/em><strong>COUTY <\/strong><em>le 25 fructidor an X (12 septembre <\/em><strong>1802<\/strong><em>) \u00e0 Saint-Yriex-la-Montagne. <\/em><\/p>\n<p><em>Veuf, il se remarie le 14 janvier <\/em><strong>1807<\/strong><em> \u00e0 Saint-Pierre avec Marie <\/em><strong>P\u00c9RICHON<\/strong><em> (contrat Lepetit au Monteil-au-Vicomte).<\/em><\/p>\n<p><em>Marie d\u00e9c\u00e8de \u00e0 Aurioux, m\u00eame commune, le 16 f\u00e9vrier <\/em><strong>1808<\/strong><em>, \u00e2g\u00e9e de 22 ans. <\/em><\/p>\n<p><em>L\u00e9ger se marie une troisi\u00e8me fois avec Marie <\/em><strong>MOURNAUD <\/strong><em>le 6 f\u00e9vrier <\/em><strong>1809<\/strong><em> \u00e0 Chavanat. Ils habitent aussi Aurioux.<\/em><\/p>\n<p><em>Ils y d\u00e9c\u00e8dent\u00a0:<\/em><\/p>\n<ul>\n<li><em>Marie, le 27 juillet <\/em><strong>1816<\/strong><em>, \u00e2g\u00e9e de 40 ans environ<\/em><\/li>\n<li><em>L\u00e9ger, remari\u00e9 avec Anne <\/em><strong>BARDY<\/strong><em>, le 14 ao\u00fbt <\/em><strong>1836<\/strong><em>, \u00e2g\u00e9 de 60 ans <\/em><\/li>\n<\/ul>\n<p>&nbsp;<\/p>\n","protected":false},"excerpt":{"rendered":"<p>Mis \u00e0 jour le : 29\/04\/2026L\u00e9ger TEYTON 1776 \u2013 1836 ma\u00e7on et \u25bascieur de long; cultivateur &nbsp; n\u00e9 \u00e0 Villemoneix (Gentioux) le 14 avril 1776 fils de L\u00e9onard TEYTON \/ Catherine AUDOUZE manouvriers \u25d9 L\u00e9ger \u00e9pouse Marie COUTY le 25 fructidor an X (12 septembre 1802) \u00e0 Saint-Yriex-la-Montagne. Veuf, il se remarie le 14 janvier ..<\/p>\n<div class=\"clear-fix\"><\/div>\n<p><a href=\"https:\/\/www.lesmaconsdelacreuse.fr\/annuaires\/lettre-t\/t_154\/\" title=\"Lire la suite...\">Lire la suite<\/a><\/p>\n","protected":false},"author":2,"featured_media":0,"comment_status":"closed","ping_status":"closed","sticky":false,"template":"","format":"standard","meta":{"_acf_changed":false,"_exactmetrics_skip_tracking":false,"_exactmetrics_sitenote_active":false,"_exactmetrics_sitenote_note":"","_exactmetrics_sitenote_category":0,"footnotes":""},"categories":[13],"tags":[],"class_list":["post-12486","post","type-post","status-publish","format-standard","hentry","category-lettre-t"],"acf":[],"_links":{"self":[{"href":"https:\/\/www.lesmaconsdelacreuse.fr\/annuaires\/wp-json\/wp\/v2\/posts\/12486","targetHints":{"allow":["GET"]}}],"collection":[{"href":"https:\/\/www.lesmaconsdelacreuse.fr\/annuaires\/wp-json\/wp\/v2\/posts"}],"about":[{"href":"https:\/\/www.lesmaconsdelacreuse.fr\/annuaires\/wp-json\/wp\/v2\/types\/post"}],"author":[{"embeddable":true,"href":"https:\/\/www.lesmaconsdelacreuse.fr\/annuaires\/wp-json\/wp\/v2\/users\/2"}],"replies":[{"embeddable":true,"href":"https:\/\/www.lesmaconsdelacreuse.fr\/annuaires\/wp-json\/wp\/v2\/comments?post=12486"}],"version-history":[{"count":0,"href":"https:\/\/www.lesmaconsdelacreuse.fr\/annuaires\/wp-json\/wp\/v2\/posts\/12486\/revisions"}],"wp:attachment":[{"href":"https:\/\/www.lesmaconsdelacreuse.fr\/annuaires\/wp-json\/wp\/v2\/media?parent=12486"}],"wp:term":[{"taxonomy":"category","embeddable":true,"href":"https:\/\/www.lesmaconsdelacreuse.fr\/annuaires\/wp-json\/wp\/v2\/categories?post=12486"},{"taxonomy":"post_tag","embeddable":true,"href":"https:\/\/www.lesmaconsdelacreuse.fr\/annuaires\/wp-json\/wp\/v2\/tags?post=12486"}],"curies":[{"name":"wp","href":"https:\/\/api.w.org\/{rel}","templated":true}]}}