{"id":12494,"date":"2019-07-28T16:13:16","date_gmt":"2019-07-28T14:13:16","guid":{"rendered":"http:\/\/lesmaconsdelacreuse.fr\/annuaire\/?p=12494"},"modified":"2022-05-02T13:43:37","modified_gmt":"2022-05-02T11:43:37","slug":"t_180","status":"publish","type":"post","link":"https:\/\/www.lesmaconsdelacreuse.fr\/annuaires\/lettre-t\/t_180\/","title":{"rendered":"THIBAUD Jean (1815-1888)"},"content":{"rendered":"<p class=\"last-updated\"><strong>Mis \u00e0 jour le :<\/strong> 29\/04\/2026<\/p><h2 style=\"text-align: center;\"><strong>Jean THIBAUD<\/strong><\/h2>\n<p style=\"text-align: center;\"><strong>1815 \u2013 1888<\/strong><\/p>\n<p style=\"text-align: center;\"><img decoding=\"async\" title=\"\" src=\"https:\/\/lesmaconsdelacreuse.fr\/annuaire\/wp-content\/uploads\/2019\/07\/image1-2995.jpg\" alt=\"\" data-asset-id=\"12493\" data-source-id=\"i.0\" \/><\/p>\n<h4 style=\"text-align: center;\"><span style=\"color: #008000;\"><strong>ma\u00e7on <\/strong>et <strong>cultivateur<\/strong><\/span><\/h4>\n<p style=\"text-align: center;\">n\u00e9 \u00e0 Fusinas (Saint-Martin-Ch\u00e2teau)<\/p>\n<p style=\"text-align: center;\">le 18 octobre 1815<\/p>\n<p style=\"text-align: center;\">fils de<\/p>\n<p style=\"text-align: center;\">Arnaud THIBAUD \/ Marguerite LAVEIX<\/p>\n<p style=\"text-align: center;\">propri\u00e9taires cultivateurs<\/p>\n<p style=\"text-align: center;\"><span style=\"color: #ffffff;\">\u25d9<\/span><\/p>\n<p><strong>En 1836<\/strong><em>, Jean est exempt\u00e9 de service militaire pour probl\u00e8me aux yeux.<\/em><\/p>\n<p><em>Il \u00e9pouse Jeanne <\/em><strong>LEBLANC<\/strong><em> le 13 f\u00e9vrier <\/em><strong>1838<\/strong> <em>\u00e0 Beaumont\u00a0(87 \u2013 contrat Jarrijon \u00e0 Saint-Martin)). <\/em><\/p>\n<p><em>Ils habitent d\u2019abord Fusinas.<\/em><\/p>\n<p><strong>En 1863<\/strong><em>, ils sont \u00e0 Neuvialle, m\u00eame commune\u00a0;<\/em><\/p>\n<p><strong>\u00a0en 1881<\/strong><em>, \u00e0 Chaleix, commune de Vidaillat.<\/em><\/p>\n<p><em>\u00a0<\/em><em>Ils y d\u00e9c\u00e8dent:<\/em><\/p>\n<ul>\n<li><em>Jeanne, le 7 novembre <\/em><strong>1881<\/strong><em>, \u00e2g\u00e9e de 64 ans<\/em><\/li>\n<li><em>Jean \u00e0 Vidaillat le 20 octobre <\/em><strong>1888<\/strong><em>, \u00e2g\u00e9 de 73 ans<\/em><\/li>\n<\/ul>\n","protected":false},"excerpt":{"rendered":"<p>Mis \u00e0 jour le : 29\/04\/2026Jean THIBAUD 1815 \u2013 1888 ma\u00e7on et cultivateur n\u00e9 \u00e0 Fusinas (Saint-Martin-Ch\u00e2teau) le 18 octobre 1815 fils de Arnaud THIBAUD \/ Marguerite LAVEIX propri\u00e9taires cultivateurs \u25d9 En 1836, Jean est exempt\u00e9 de service militaire pour probl\u00e8me aux yeux. Il \u00e9pouse Jeanne LEBLANC le 13 f\u00e9vrier 1838 \u00e0 Beaumont\u00a0(87 \u2013 contrat ..<\/p>\n<div class=\"clear-fix\"><\/div>\n<p><a href=\"https:\/\/www.lesmaconsdelacreuse.fr\/annuaires\/lettre-t\/t_180\/\" title=\"Lire la suite...\">Lire la suite<\/a><\/p>\n","protected":false},"author":2,"featured_media":0,"comment_status":"closed","ping_status":"closed","sticky":false,"template":"","format":"standard","meta":{"_acf_changed":false,"_exactmetrics_skip_tracking":false,"_exactmetrics_sitenote_active":false,"_exactmetrics_sitenote_note":"","_exactmetrics_sitenote_category":0,"footnotes":""},"categories":[13],"tags":[],"class_list":["post-12494","post","type-post","status-publish","format-standard","hentry","category-lettre-t"],"acf":[],"_links":{"self":[{"href":"https:\/\/www.lesmaconsdelacreuse.fr\/annuaires\/wp-json\/wp\/v2\/posts\/12494","targetHints":{"allow":["GET"]}}],"collection":[{"href":"https:\/\/www.lesmaconsdelacreuse.fr\/annuaires\/wp-json\/wp\/v2\/posts"}],"about":[{"href":"https:\/\/www.lesmaconsdelacreuse.fr\/annuaires\/wp-json\/wp\/v2\/types\/post"}],"author":[{"embeddable":true,"href":"https:\/\/www.lesmaconsdelacreuse.fr\/annuaires\/wp-json\/wp\/v2\/users\/2"}],"replies":[{"embeddable":true,"href":"https:\/\/www.lesmaconsdelacreuse.fr\/annuaires\/wp-json\/wp\/v2\/comments?post=12494"}],"version-history":[{"count":2,"href":"https:\/\/www.lesmaconsdelacreuse.fr\/annuaires\/wp-json\/wp\/v2\/posts\/12494\/revisions"}],"predecessor-version":[{"id":198574,"href":"https:\/\/www.lesmaconsdelacreuse.fr\/annuaires\/wp-json\/wp\/v2\/posts\/12494\/revisions\/198574"}],"wp:attachment":[{"href":"https:\/\/www.lesmaconsdelacreuse.fr\/annuaires\/wp-json\/wp\/v2\/media?parent=12494"}],"wp:term":[{"taxonomy":"category","embeddable":true,"href":"https:\/\/www.lesmaconsdelacreuse.fr\/annuaires\/wp-json\/wp\/v2\/categories?post=12494"},{"taxonomy":"post_tag","embeddable":true,"href":"https:\/\/www.lesmaconsdelacreuse.fr\/annuaires\/wp-json\/wp\/v2\/tags?post=12494"}],"curies":[{"name":"wp","href":"https:\/\/api.w.org\/{rel}","templated":true}]}}