{"id":12497,"date":"2019-07-28T16:13:15","date_gmt":"2019-07-28T14:13:15","guid":{"rendered":"http:\/\/lesmaconsdelacreuse.fr\/annuaire\/?p=12497"},"modified":"2020-01-20T11:24:01","modified_gmt":"2020-01-20T10:24:01","slug":"t_182","status":"publish","type":"post","link":"https:\/\/www.lesmaconsdelacreuse.fr\/annuaires\/lettre-t\/t_182\/","title":{"rendered":"THIBAUD Jean (1827-1846)"},"content":{"rendered":"<p class=\"last-updated\"><strong>Mis \u00e0 jour le :<\/strong> 29\/04\/2026<\/p><h2 style=\"text-align: center;\"><strong>Jean THIBAUD<\/strong><\/h2>\n<p style=\"text-align: center;\"><strong>1827 &#8211; 1846<\/strong><\/p>\n<h4 style=\"text-align: center;\"><strong><span style=\"color: #008000;\">man\u0153uvre<\/span><\/strong><\/h4>\n<p style=\"text-align: center;\">n\u00e9 \u00e0 Fusinas (Saint-Martin-Ch\u00e2teau)<\/p>\n<p style=\"text-align: center;\">le 16 juillet 1827<\/p>\n<p style=\"text-align: center;\">fils de<\/p>\n<p style=\"text-align: center;\">Arnaud THIBAUD \/ Marguerite LAVEIX<\/p>\n<p style=\"text-align: center;\">propri\u00e9taires cultivateurs<\/p>\n<p style=\"text-align: center;\"><span style=\"color: #ffffff;\">\u25d9<\/span><\/p>\n<p><strong>En 1846<\/strong><em>, Jean travaille \u00e0 <\/em><span style=\"color: #0000ff;\"><strong>Villefranche-sur-Sa\u00f4ne (69)<\/strong><\/span><em>.<\/em><\/p>\n<p><em>Le 24 ao\u00fbt de la m\u00eame ann\u00e9e, il y d\u00e9c\u00e8de <\/em><strong>c\u00e9libataire<\/strong><em> \u00e0 l\u2019hospice, \u00e2g\u00e9 de 19 ans.<\/em><\/p>\n","protected":false},"excerpt":{"rendered":"<p>Mis \u00e0 jour le : 29\/04\/2026Jean THIBAUD 1827 &#8211; 1846 man\u0153uvre n\u00e9 \u00e0 Fusinas (Saint-Martin-Ch\u00e2teau) le 16 juillet 1827 fils de Arnaud THIBAUD \/ Marguerite LAVEIX propri\u00e9taires cultivateurs \u25d9 En 1846, Jean travaille \u00e0 Villefranche-sur-Sa\u00f4ne (69). Le 24 ao\u00fbt de la m\u00eame ann\u00e9e, il y d\u00e9c\u00e8de c\u00e9libataire \u00e0 l\u2019hospice, \u00e2g\u00e9 ..<\/p>\n<div class=\"clear-fix\"><\/div>\n<p><a href=\"https:\/\/www.lesmaconsdelacreuse.fr\/annuaires\/lettre-t\/t_182\/\" title=\"Lire la suite...\">Lire la suite<\/a><\/p>\n","protected":false},"author":2,"featured_media":0,"comment_status":"closed","ping_status":"closed","sticky":false,"template":"","format":"standard","meta":{"_acf_changed":false,"_exactmetrics_skip_tracking":false,"_exactmetrics_sitenote_active":false,"_exactmetrics_sitenote_note":"","_exactmetrics_sitenote_category":0,"footnotes":""},"categories":[13],"tags":[],"class_list":["post-12497","post","type-post","status-publish","format-standard","hentry","category-lettre-t"],"acf":[],"_links":{"self":[{"href":"https:\/\/www.lesmaconsdelacreuse.fr\/annuaires\/wp-json\/wp\/v2\/posts\/12497","targetHints":{"allow":["GET"]}}],"collection":[{"href":"https:\/\/www.lesmaconsdelacreuse.fr\/annuaires\/wp-json\/wp\/v2\/posts"}],"about":[{"href":"https:\/\/www.lesmaconsdelacreuse.fr\/annuaires\/wp-json\/wp\/v2\/types\/post"}],"author":[{"embeddable":true,"href":"https:\/\/www.lesmaconsdelacreuse.fr\/annuaires\/wp-json\/wp\/v2\/users\/2"}],"replies":[{"embeddable":true,"href":"https:\/\/www.lesmaconsdelacreuse.fr\/annuaires\/wp-json\/wp\/v2\/comments?post=12497"}],"version-history":[{"count":0,"href":"https:\/\/www.lesmaconsdelacreuse.fr\/annuaires\/wp-json\/wp\/v2\/posts\/12497\/revisions"}],"wp:attachment":[{"href":"https:\/\/www.lesmaconsdelacreuse.fr\/annuaires\/wp-json\/wp\/v2\/media?parent=12497"}],"wp:term":[{"taxonomy":"category","embeddable":true,"href":"https:\/\/www.lesmaconsdelacreuse.fr\/annuaires\/wp-json\/wp\/v2\/categories?post=12497"},{"taxonomy":"post_tag","embeddable":true,"href":"https:\/\/www.lesmaconsdelacreuse.fr\/annuaires\/wp-json\/wp\/v2\/tags?post=12497"}],"curies":[{"name":"wp","href":"https:\/\/api.w.org\/{rel}","templated":true}]}}