{"id":12499,"date":"2019-07-28T16:13:15","date_gmt":"2019-07-28T14:13:15","guid":{"rendered":"http:\/\/lesmaconsdelacreuse.fr\/annuaire\/?p=12499"},"modified":"2020-09-30T09:02:47","modified_gmt":"2020-09-30T07:02:47","slug":"t_161","status":"publish","type":"post","link":"https:\/\/www.lesmaconsdelacreuse.fr\/annuaires\/lettre-t\/t_161\/","title":{"rendered":"THORY Symphorien (1743-apr\u00e8s 1781)"},"content":{"rendered":"<p class=\"last-updated\"><strong>Mis \u00e0 jour le :<\/strong> 29\/04\/2026<\/p><h2 style=\"text-align: center;\"><strong>Symphorien THORY<\/strong><\/h2>\n<p style=\"text-align: center;\"><strong>Forien THORY<\/strong><\/p>\n<p style=\"text-align: center;\"><strong>1743 \u2013 apr\u00e8s 1781<\/strong><\/p>\n<p style=\"text-align: center;\"><img decoding=\"async\" title=\"\" src=\"https:\/\/lesmaconsdelacreuse.fr\/annuaire\/wp-content\/uploads\/2019\/07\/image1-2997.jpg\" alt=\"\" data-asset-id=\"12498\" data-source-id=\"i.0\" \/><\/p>\n<h4 style=\"text-align: center;\"><span style=\"color: #008000;\"><strong>ma\u00e7on<\/strong> et <strong>\u25ba<\/strong><a href=\"https:\/\/www.lesmaconsdelacreuse.fr\/annuaires\/wp-content\/uploads\/2020\/08\/CHARPENTIER.png\" target=\"_blank\" rel=\"noopener noreferrer\"><strong><span style=\"color: #008000;\">charpentier<\/span><\/strong><\/a>;\u00a0<strong>marchand <\/strong>et<strong> laboureur<\/strong><\/span><\/h4>\n<p>&nbsp;<\/p>\n<p style=\"text-align: center;\">n\u00e9 \u00e0 La For\u00eat-Belleville (Vidaillat)<\/p>\n<p style=\"text-align: center;\">le 1er avril 1743<\/p>\n<p style=\"text-align: center;\">fils de<\/p>\n<p style=\"text-align: center;\">Mathieu THORY \/ Catherine JANICOT<\/p>\n<p style=\"text-align: center;\"><span style=\"color: #ffffff;\">\u25d9<\/span><\/p>\n<p><em>Symphorien \u00e9pouse Jeanne <\/em><strong>RAYNAUD<\/strong><em> le 30 janvier <\/em><strong>1769<\/strong><em> au Compeix (contrat Coutisson \u00e0 Roy\u00e8re).<\/em><\/p>\n<p><em> Ils habitent La Parade, paroisse du Compeix.<\/em><\/p>\n<p><strong>\u25ba<a href=\"https:\/\/www.lesmaconsdelacreuse.fr\/annuaires\/\/wp-content\/uploads\/DOCUMENTS\/1779_-_Proces-verbal_des_reparations_a_faire_a_la_cure_de_Faux.pdf\" target=\"_blank\" rel=\"noopener noreferrer\"><span style=\"color: #ff00ff;\">En 1779<\/span><\/a><\/strong><em>, Symphorien est pris comme expert pour \u00e9valuer les r\u00e9parations \u00e0 faire aux b\u00e2timents et h\u00e9ritages d\u00e9pendant de la cure de Faux (maintenant Faux-Mazuras)<\/em><\/p>\n<p>&nbsp;<\/p>\n","protected":false},"excerpt":{"rendered":"<p>Mis \u00e0 jour le : 29\/04\/2026Symphorien THORY Forien THORY 1743 \u2013 apr\u00e8s 1781 ma\u00e7on et \u25bacharpentier;\u00a0marchand et laboureur &nbsp; n\u00e9 \u00e0 La For\u00eat-Belleville (Vidaillat) le 1er avril 1743 fils de Mathieu THORY \/ Catherine JANICOT \u25d9 Symphorien \u00e9pouse Jeanne RAYNAUD le 30 janvier 1769 au Compeix (contrat Coutisson \u00e0 Roy\u00e8re). Ils habitent La Parade, paroisse ..<\/p>\n<div class=\"clear-fix\"><\/div>\n<p><a href=\"https:\/\/www.lesmaconsdelacreuse.fr\/annuaires\/lettre-t\/t_161\/\" title=\"Lire la suite...\">Lire la suite<\/a><\/p>\n","protected":false},"author":2,"featured_media":0,"comment_status":"closed","ping_status":"closed","sticky":false,"template":"","format":"standard","meta":{"_acf_changed":false,"_exactmetrics_skip_tracking":false,"_exactmetrics_sitenote_active":false,"_exactmetrics_sitenote_note":"","_exactmetrics_sitenote_category":0,"footnotes":""},"categories":[13],"tags":[],"class_list":["post-12499","post","type-post","status-publish","format-standard","hentry","category-lettre-t"],"acf":[],"_links":{"self":[{"href":"https:\/\/www.lesmaconsdelacreuse.fr\/annuaires\/wp-json\/wp\/v2\/posts\/12499","targetHints":{"allow":["GET"]}}],"collection":[{"href":"https:\/\/www.lesmaconsdelacreuse.fr\/annuaires\/wp-json\/wp\/v2\/posts"}],"about":[{"href":"https:\/\/www.lesmaconsdelacreuse.fr\/annuaires\/wp-json\/wp\/v2\/types\/post"}],"author":[{"embeddable":true,"href":"https:\/\/www.lesmaconsdelacreuse.fr\/annuaires\/wp-json\/wp\/v2\/users\/2"}],"replies":[{"embeddable":true,"href":"https:\/\/www.lesmaconsdelacreuse.fr\/annuaires\/wp-json\/wp\/v2\/comments?post=12499"}],"version-history":[{"count":0,"href":"https:\/\/www.lesmaconsdelacreuse.fr\/annuaires\/wp-json\/wp\/v2\/posts\/12499\/revisions"}],"wp:attachment":[{"href":"https:\/\/www.lesmaconsdelacreuse.fr\/annuaires\/wp-json\/wp\/v2\/media?parent=12499"}],"wp:term":[{"taxonomy":"category","embeddable":true,"href":"https:\/\/www.lesmaconsdelacreuse.fr\/annuaires\/wp-json\/wp\/v2\/categories?post=12499"},{"taxonomy":"post_tag","embeddable":true,"href":"https:\/\/www.lesmaconsdelacreuse.fr\/annuaires\/wp-json\/wp\/v2\/tags?post=12499"}],"curies":[{"name":"wp","href":"https:\/\/api.w.org\/{rel}","templated":true}]}}