{"id":12500,"date":"2019-07-28T16:13:15","date_gmt":"2019-07-28T14:13:15","guid":{"rendered":"http:\/\/lesmaconsdelacreuse.fr\/annuaire\/?p=12500"},"modified":"2020-01-20T11:24:01","modified_gmt":"2020-01-20T10:24:01","slug":"t_133","status":"publish","type":"post","link":"https:\/\/www.lesmaconsdelacreuse.fr\/annuaires\/lettre-t\/t_133\/","title":{"rendered":"TEILLAUD Fran\u00e7ois (1885-1938)"},"content":{"rendered":"<p class=\"last-updated\"><strong>Mis \u00e0 jour le :<\/strong> 29\/04\/2026<\/p><h2 style=\"text-align: center;\"><strong>Fran\u00e7ois TEILLAUD<\/strong><\/h2>\n<p style=\"text-align: center;\"><strong>1885 \u2013 1938<\/strong><\/p>\n<h4 style=\"text-align: center;\"><span style=\"color: #008000;\"><strong>ma\u00e7on<\/strong><\/span><\/h4>\n<p style=\"text-align: center;\">n\u00e9 \u00e0 Montayaud (Saint-Junien-la-Breg\u00e8re)<\/p>\n<p style=\"text-align: center;\">le 26 f\u00e9vrier 1885<\/p>\n<p style=\"text-align: center;\">fils de<\/p>\n<p style=\"text-align: center;\">Jean TEILLAUD \/ Marie SAURIAT<\/p>\n<p style=\"text-align: center;\">cultivateurs<\/p>\n<p style=\"text-align: center;\"><span style=\"color: #ffffff;\">\u25d9<\/span><\/p>\n<p><strong>D\u00e8s 1908<\/strong><em>, Fran\u00e7ois travaille \u00e0 <\/em><span style=\"color: #0000ff;\"><strong>Saint-\u00c9tienne (42)<\/strong><\/span><em>, et loge \u00e0 La Roche du Geai. <\/em><\/p>\n<p><em>Il \u00e9pouse Fran\u00e7oise <\/em><strong>CONCHONNET<\/strong><em>, native de Saint-Pardoux-Lavaud, le 8 avril <\/em><strong>1911<\/strong><em> \u00e0 Saint-\u00c9tienne.<\/em><\/p>\n<p><strong>En 1911 et 1912<\/strong><em>, ils habitent 10, rue du Champrond. <\/em><\/p>\n<p><em>Ils d\u00e9c\u00e8dent\u00a0:<\/em><\/p>\n<ul>\n<li><em>Fran\u00e7ois, \u00e0 Saint-\u00c9tienne, le 25 janvier <\/em><strong>1938<\/strong>,<em> \u00e2g\u00e9 de 52 ans<\/em><\/li>\n<li><em>Fran\u00e7oise, \u00e0 La Cour-de-Rozet, commune de Saint-Pardoux-Lavaud, le 28 f\u00e9vrier <\/em><strong>1950<\/strong><em>, \u00e2g\u00e9e de 65 ans<\/em><\/li>\n<\/ul>\n","protected":false},"excerpt":{"rendered":"<p>Mis \u00e0 jour le : 29\/04\/2026Fran\u00e7ois TEILLAUD 1885 \u2013 1938 ma\u00e7on n\u00e9 \u00e0 Montayaud (Saint-Junien-la-Breg\u00e8re) le 26 f\u00e9vrier 1885 fils de Jean TEILLAUD \/ Marie SAURIAT cultivateurs \u25d9 D\u00e8s 1908, Fran\u00e7ois travaille \u00e0 Saint-\u00c9tienne (42), et loge \u00e0 La Roche du Geai. Il \u00e9pouse Fran\u00e7oise CONCHONNET, native de Saint-Pardoux-Lavaud, le 8 avril 1911 \u00e0 Saint-\u00c9tienne. ..<\/p>\n<div class=\"clear-fix\"><\/div>\n<p><a href=\"https:\/\/www.lesmaconsdelacreuse.fr\/annuaires\/lettre-t\/t_133\/\" title=\"Lire la suite...\">Lire la suite<\/a><\/p>\n","protected":false},"author":2,"featured_media":0,"comment_status":"closed","ping_status":"closed","sticky":false,"template":"","format":"standard","meta":{"_acf_changed":false,"_exactmetrics_skip_tracking":false,"_exactmetrics_sitenote_active":false,"_exactmetrics_sitenote_note":"","_exactmetrics_sitenote_category":0,"footnotes":""},"categories":[13],"tags":[],"class_list":["post-12500","post","type-post","status-publish","format-standard","hentry","category-lettre-t"],"acf":[],"_links":{"self":[{"href":"https:\/\/www.lesmaconsdelacreuse.fr\/annuaires\/wp-json\/wp\/v2\/posts\/12500","targetHints":{"allow":["GET"]}}],"collection":[{"href":"https:\/\/www.lesmaconsdelacreuse.fr\/annuaires\/wp-json\/wp\/v2\/posts"}],"about":[{"href":"https:\/\/www.lesmaconsdelacreuse.fr\/annuaires\/wp-json\/wp\/v2\/types\/post"}],"author":[{"embeddable":true,"href":"https:\/\/www.lesmaconsdelacreuse.fr\/annuaires\/wp-json\/wp\/v2\/users\/2"}],"replies":[{"embeddable":true,"href":"https:\/\/www.lesmaconsdelacreuse.fr\/annuaires\/wp-json\/wp\/v2\/comments?post=12500"}],"version-history":[{"count":0,"href":"https:\/\/www.lesmaconsdelacreuse.fr\/annuaires\/wp-json\/wp\/v2\/posts\/12500\/revisions"}],"wp:attachment":[{"href":"https:\/\/www.lesmaconsdelacreuse.fr\/annuaires\/wp-json\/wp\/v2\/media?parent=12500"}],"wp:term":[{"taxonomy":"category","embeddable":true,"href":"https:\/\/www.lesmaconsdelacreuse.fr\/annuaires\/wp-json\/wp\/v2\/categories?post=12500"},{"taxonomy":"post_tag","embeddable":true,"href":"https:\/\/www.lesmaconsdelacreuse.fr\/annuaires\/wp-json\/wp\/v2\/tags?post=12500"}],"curies":[{"name":"wp","href":"https:\/\/api.w.org\/{rel}","templated":true}]}}