{"id":12507,"date":"2019-07-28T16:13:15","date_gmt":"2019-07-28T14:13:15","guid":{"rendered":"http:\/\/lesmaconsdelacreuse.fr\/annuaire\/?p=12507"},"modified":"2020-01-20T11:24:01","modified_gmt":"2020-01-20T10:24:01","slug":"t_130","status":"publish","type":"post","link":"https:\/\/www.lesmaconsdelacreuse.fr\/annuaires\/lettre-t\/t_130\/","title":{"rendered":"TAUTY Victor (1867-1940)"},"content":{"rendered":"<p class=\"last-updated\"><strong>Mis \u00e0 jour le :<\/strong> 29\/04\/2026<\/p><h2 style=\"text-align: center;\"><strong>Victor TAUTY<\/strong><\/h2>\n<p style=\"text-align: center;\"><strong>1867 \u2013 1940<\/strong><\/p>\n<p style=\"text-align: center;\"><img decoding=\"async\" title=\"\" src=\"https:\/\/lesmaconsdelacreuse.fr\/annuaire\/wp-content\/uploads\/2019\/07\/image1-3000.jpg\" alt=\"\" data-asset-id=\"12506\" data-source-id=\"i.0\" \/><\/p>\n<h4 style=\"text-align: center;\"><span style=\"color: #008000;\"><strong>ma\u00e7on <\/strong>puis <strong>secr\u00e9taire de mairie<\/strong><\/span><\/h4>\n<p style=\"text-align: center;\">n\u00e9 au bourg de Roy\u00e8re<\/p>\n<p style=\"text-align: center;\">le 12 novembre 1867<\/p>\n<p style=\"text-align: center;\">fils de<\/p>\n<p style=\"text-align: center;\">Michel TAUTY,<span style=\"color: #008000;\"><strong> ma\u00e7on<\/strong><\/span><\/p>\n<p style=\"text-align: center;\">Marie-Fran\u00e7oise BOURDEAU, cultivatrice<\/p>\n<p style=\"text-align: center;\"><span style=\"color: #ffffff;\">\u25d9<\/span><\/p>\n<p><strong>En 1888<\/strong><em>, Victor, s\u00e9minariste, est class\u00e9 dans les services auxiliaires de l\u2019arm\u00e9e pour myopie et strabisme.<\/em><\/p>\n<p><strong>En 1890<\/strong><em>, <\/em><span style=\"color: #008000;\"><strong>ma\u00e7on<\/strong><\/span><em>, il travaille \u00e0 <\/em><span style=\"color: #0000ff;\"><strong>Villeurbanne (69)<\/strong><\/span><em>, et loge 18, chemin Saint-Antoine.<\/em><\/p>\n<p><em>Il \u00e9pouse Marie-Antoinette <\/em><strong>CANCALON<\/strong><em> le 10 f\u00e9vrier de la m\u00eame ann\u00e9e \u00e0 Roy\u00e8re (contrat Toumieux). <\/em><\/p>\n<p><strong>En 1918<\/strong><em><strong>,<\/strong> il est <\/em><span style=\"color: #008000;\"><strong>secr\u00e9taire de mairie<\/strong><\/span><em>.<\/em><\/p>\n<p><em>Les \u00e9poux d\u00e9c\u00e8dent\u00a0:<\/em><\/p>\n<ul>\n<li><em>Victor, \u00e0 Roy\u00e8re, le 23 juillet <\/em><strong>1940<\/strong><em>, \u00e2g\u00e9 de 73 ans<\/em><\/li>\n<li><em>Marie-Antoinette, \u00e0 l\u2019h\u00f4pital hospice de Bourganeuf, le 25 novembre <\/em><strong>1941<\/strong><em>, \u00e2g\u00e9e de 74 ans<\/em><\/li>\n<\/ul>\n<p>&nbsp;<\/p>\n","protected":false},"excerpt":{"rendered":"<p>Mis \u00e0 jour le : 29\/04\/2026Victor TAUTY 1867 \u2013 1940 ma\u00e7on puis secr\u00e9taire de mairie n\u00e9 au bourg de Roy\u00e8re le 12 novembre 1867 fils de Michel TAUTY, ma\u00e7on Marie-Fran\u00e7oise BOURDEAU, cultivatrice \u25d9 En 1888, Victor, s\u00e9minariste, est class\u00e9 dans les services auxiliaires de l\u2019arm\u00e9e pour myopie et strabisme. En 1890, ma\u00e7on, il travaille \u00e0 ..<\/p>\n<div class=\"clear-fix\"><\/div>\n<p><a href=\"https:\/\/www.lesmaconsdelacreuse.fr\/annuaires\/lettre-t\/t_130\/\" title=\"Lire la suite...\">Lire la suite<\/a><\/p>\n","protected":false},"author":2,"featured_media":0,"comment_status":"closed","ping_status":"closed","sticky":false,"template":"","format":"standard","meta":{"_acf_changed":false,"_exactmetrics_skip_tracking":false,"_exactmetrics_sitenote_active":false,"_exactmetrics_sitenote_note":"","_exactmetrics_sitenote_category":0,"footnotes":""},"categories":[13],"tags":[],"class_list":["post-12507","post","type-post","status-publish","format-standard","hentry","category-lettre-t"],"acf":[],"_links":{"self":[{"href":"https:\/\/www.lesmaconsdelacreuse.fr\/annuaires\/wp-json\/wp\/v2\/posts\/12507","targetHints":{"allow":["GET"]}}],"collection":[{"href":"https:\/\/www.lesmaconsdelacreuse.fr\/annuaires\/wp-json\/wp\/v2\/posts"}],"about":[{"href":"https:\/\/www.lesmaconsdelacreuse.fr\/annuaires\/wp-json\/wp\/v2\/types\/post"}],"author":[{"embeddable":true,"href":"https:\/\/www.lesmaconsdelacreuse.fr\/annuaires\/wp-json\/wp\/v2\/users\/2"}],"replies":[{"embeddable":true,"href":"https:\/\/www.lesmaconsdelacreuse.fr\/annuaires\/wp-json\/wp\/v2\/comments?post=12507"}],"version-history":[{"count":0,"href":"https:\/\/www.lesmaconsdelacreuse.fr\/annuaires\/wp-json\/wp\/v2\/posts\/12507\/revisions"}],"wp:attachment":[{"href":"https:\/\/www.lesmaconsdelacreuse.fr\/annuaires\/wp-json\/wp\/v2\/media?parent=12507"}],"wp:term":[{"taxonomy":"category","embeddable":true,"href":"https:\/\/www.lesmaconsdelacreuse.fr\/annuaires\/wp-json\/wp\/v2\/categories?post=12507"},{"taxonomy":"post_tag","embeddable":true,"href":"https:\/\/www.lesmaconsdelacreuse.fr\/annuaires\/wp-json\/wp\/v2\/tags?post=12507"}],"curies":[{"name":"wp","href":"https:\/\/api.w.org\/{rel}","templated":true}]}}