{"id":12514,"date":"2019-07-28T16:13:14","date_gmt":"2019-07-28T14:13:14","guid":{"rendered":"http:\/\/lesmaconsdelacreuse.fr\/annuaire\/?p=12514"},"modified":"2020-10-05T09:08:26","modified_gmt":"2020-10-05T07:08:26","slug":"t_169","status":"publish","type":"post","link":"https:\/\/www.lesmaconsdelacreuse.fr\/annuaires\/lettre-t\/t_169\/","title":{"rendered":"THEVENOT Pierre (1786-1845)"},"content":{"rendered":"<p class=\"last-updated\"><strong>Mis \u00e0 jour le :<\/strong> 29\/04\/2026<\/p><h2 style=\"text-align: center;\"><strong>Pierre TH\u00c9VENOT<\/strong><\/h2>\n<p style=\"text-align: center;\"><strong>1786 \u2013 1845<\/strong><\/p>\n<p style=\"text-align: center;\"><img decoding=\"async\" title=\"\" src=\"https:\/\/lesmaconsdelacreuse.fr\/annuaire\/wp-content\/uploads\/2019\/07\/image1-3003.jpg\" alt=\"\" data-asset-id=\"12513\" data-source-id=\"i.0\" \/><\/p>\n<h4 style=\"text-align: center;\"><span style=\"color: #008000;\"><strong>ma\u00e7on <\/strong>et<strong> <a href=\"https:\/\/www.lesmaconsdelacreuse.fr\/annuaires\/wp-content\/uploads\/2020\/07\/TAILLEUR-DE-PIERRE.png\">\u25ba <span style=\"color: #008000;\">tailleur de pierre<\/span><\/a><br \/>\n<\/strong><\/span><\/h4>\n<p>&nbsp;<\/p>\n<p style=\"text-align: center;\">n\u00e9 \u00e0 Giboulaud (Saint-Yriex-la-Montagne)<\/p>\n<p style=\"text-align: center;\">le 18 octobre 1786<\/p>\n<p style=\"text-align: center;\">fils de<\/p>\n<p style=\"text-align: center;\">Martial TH\u00c9VENOT, <span style=\"color: #008000;\"><strong>ma\u00e7on<\/strong><\/span><\/p>\n<p style=\"text-align: center;\">Marguerite VALETTE<\/p>\n<p style=\"text-align: center;\"><span style=\"color: #ffffff;\">\u25d9<\/span><\/p>\n<p><em>Pierre \u00e9pouse Marguerite (Marie) <\/em><strong>LENOIR <\/strong><em>le 10 mars <\/em><strong>1812<\/strong><em> au Monteil-au-Vicomte. Ils habitent d\u2019abord le bourg.<\/em><\/p>\n<p><strong>En 1828<\/strong><em>, ils sont \u00e0 <\/em><span style=\"color: #0000ff;\"><strong>Thiviers (24)<\/strong><\/span><em>.<\/em><\/p>\n<p><em>Marguerite y d\u00e9c\u00e8de le 13 ao\u00fbt <\/em><strong>1832<\/strong><em>, \u00e2g\u00e9e de 42 ans.<\/em><\/p>\n<p><em> Pierre se remarie le 12 octobre <\/em><strong>1835<\/strong><em> \u00e0 Thiviers avec \u00c9lisabeth <\/em><strong>REBEYROL<\/strong><em>, servante.<\/em><\/p>\n<p><em> Il y d\u00e9c\u00e8de le 19 octobre <\/em><strong>1845<\/strong><em>, \u00e2g\u00e9 de 59 ans.<\/em><\/p>\n<p>&nbsp;<\/p>\n","protected":false},"excerpt":{"rendered":"<p>Mis \u00e0 jour le : 29\/04\/2026Pierre TH\u00c9VENOT 1786 \u2013 1845 ma\u00e7on et \u25ba tailleur de pierre &nbsp; n\u00e9 \u00e0 Giboulaud (Saint-Yriex-la-Montagne) le 18 octobre 1786 fils de Martial TH\u00c9VENOT, ma\u00e7on Marguerite VALETTE \u25d9 Pierre \u00e9pouse Marguerite (Marie) LENOIR le 10 mars 1812 au Monteil-au-Vicomte. Ils habitent d\u2019abord le bourg. En 1828, ils sont \u00e0 Thiviers ..<\/p>\n<div class=\"clear-fix\"><\/div>\n<p><a href=\"https:\/\/www.lesmaconsdelacreuse.fr\/annuaires\/lettre-t\/t_169\/\" title=\"Lire la suite...\">Lire la suite<\/a><\/p>\n","protected":false},"author":2,"featured_media":0,"comment_status":"closed","ping_status":"closed","sticky":false,"template":"","format":"standard","meta":{"_acf_changed":false,"_exactmetrics_skip_tracking":false,"_exactmetrics_sitenote_active":false,"_exactmetrics_sitenote_note":"","_exactmetrics_sitenote_category":0,"footnotes":""},"categories":[13],"tags":[],"class_list":["post-12514","post","type-post","status-publish","format-standard","hentry","category-lettre-t"],"acf":[],"_links":{"self":[{"href":"https:\/\/www.lesmaconsdelacreuse.fr\/annuaires\/wp-json\/wp\/v2\/posts\/12514","targetHints":{"allow":["GET"]}}],"collection":[{"href":"https:\/\/www.lesmaconsdelacreuse.fr\/annuaires\/wp-json\/wp\/v2\/posts"}],"about":[{"href":"https:\/\/www.lesmaconsdelacreuse.fr\/annuaires\/wp-json\/wp\/v2\/types\/post"}],"author":[{"embeddable":true,"href":"https:\/\/www.lesmaconsdelacreuse.fr\/annuaires\/wp-json\/wp\/v2\/users\/2"}],"replies":[{"embeddable":true,"href":"https:\/\/www.lesmaconsdelacreuse.fr\/annuaires\/wp-json\/wp\/v2\/comments?post=12514"}],"version-history":[{"count":0,"href":"https:\/\/www.lesmaconsdelacreuse.fr\/annuaires\/wp-json\/wp\/v2\/posts\/12514\/revisions"}],"wp:attachment":[{"href":"https:\/\/www.lesmaconsdelacreuse.fr\/annuaires\/wp-json\/wp\/v2\/media?parent=12514"}],"wp:term":[{"taxonomy":"category","embeddable":true,"href":"https:\/\/www.lesmaconsdelacreuse.fr\/annuaires\/wp-json\/wp\/v2\/categories?post=12514"},{"taxonomy":"post_tag","embeddable":true,"href":"https:\/\/www.lesmaconsdelacreuse.fr\/annuaires\/wp-json\/wp\/v2\/tags?post=12514"}],"curies":[{"name":"wp","href":"https:\/\/api.w.org\/{rel}","templated":true}]}}