{"id":12516,"date":"2019-07-28T16:13:14","date_gmt":"2019-07-28T14:13:14","guid":{"rendered":"http:\/\/lesmaconsdelacreuse.fr\/annuaire\/?p=12516"},"modified":"2020-01-20T11:24:02","modified_gmt":"2020-01-20T10:24:02","slug":"t_136","status":"publish","type":"post","link":"https:\/\/www.lesmaconsdelacreuse.fr\/annuaires\/lettre-t\/t_136\/","title":{"rendered":"THEILLAUD L\u00e9onard (1866-apr\u00e8s 1907)"},"content":{"rendered":"<p class=\"last-updated\"><strong>Mis \u00e0 jour le :<\/strong> 29\/04\/2026<\/p><h2 style=\"text-align: center;\"><strong>L\u00e9onard THEILLAUD<\/strong><\/h2>\n<p style=\"text-align: center;\"><strong>1866 \u2013 apr\u00e8s 1907<\/strong><\/p>\n<h4 style=\"text-align: center;\"><span style=\"color: #008000;\"><strong>ma\u00e7on<\/strong><\/span><\/h4>\n<p style=\"text-align: center;\">n\u00e9 au bourg de Peyrat-le-Ch\u00e2teau (87)<\/p>\n<p style=\"text-align: center;\">le 8 mai 1866<\/p>\n<p style=\"text-align: center;\">fils de<\/p>\n<p style=\"text-align: center;\">Jean THEILLAUD \/ Marie JABUT<\/p>\n<p style=\"text-align: center;\">journaliers<\/p>\n<p style=\"text-align: center;\"><span style=\"color: #ffffff;\">\u25d9<\/span><\/p>\n<p><strong>En 1887<\/strong><em>, L\u00e9onard est domicili\u00e9 \u00e0 Saint-Martin-Ch\u00e2teau avec son p\u00e8re. Il est vers\u00e9 dans les services auxiliaires pour cause de d\u00e9formation de la colonne vert\u00e9brale.<\/em><\/p>\n<p><em>La m\u00eame ann\u00e9e, il travaille \u00e0 <\/em><span style=\"color: #0000ff;\"><strong>Lyon (69)<\/strong><\/span><em> et loge 121, rue Vauban;<\/em><\/p>\n<p><strong>en 1889<\/strong><em>, 3, rue Villeroi;<\/em><\/p>\n<p><strong>en 1891<\/strong><em>, 122, rue Moli\u00e8re\u00a0; <\/em><\/p>\n<p><strong>en 1897<\/strong><em>, \u00e0 <\/em><span style=\"color: #0000ff;\"><strong>Oullins (69)<\/strong><\/span><em>\u00a0;<\/em><\/p>\n<p><strong>en 1902<\/strong><em>, \u00e0 <\/em><span style=\"color: #0000ff;\"><strong>Avignon (84)<\/strong><\/span><em>, logeant rue G\u00e9line.<\/em><\/p>\n<p><strong>En 1907<\/strong><em>, de nouveau \u00e0 Oullins, il habite 17, avenue des Saul\u00e9es. <\/em><\/p>\n","protected":false},"excerpt":{"rendered":"<p>Mis \u00e0 jour le : 29\/04\/2026L\u00e9onard THEILLAUD 1866 \u2013 apr\u00e8s 1907 ma\u00e7on n\u00e9 au bourg de Peyrat-le-Ch\u00e2teau (87) le 8 mai 1866 fils de Jean THEILLAUD \/ Marie JABUT journaliers \u25d9 En 1887, L\u00e9onard est domicili\u00e9 \u00e0 Saint-Martin-Ch\u00e2teau avec son p\u00e8re. Il est vers\u00e9 dans les services auxiliaires pour cause de d\u00e9formation de la colonne ..<\/p>\n<div class=\"clear-fix\"><\/div>\n<p><a href=\"https:\/\/www.lesmaconsdelacreuse.fr\/annuaires\/lettre-t\/t_136\/\" title=\"Lire la suite...\">Lire la suite<\/a><\/p>\n","protected":false},"author":2,"featured_media":0,"comment_status":"closed","ping_status":"closed","sticky":false,"template":"","format":"standard","meta":{"_acf_changed":false,"_exactmetrics_skip_tracking":false,"_exactmetrics_sitenote_active":false,"_exactmetrics_sitenote_note":"","_exactmetrics_sitenote_category":0,"footnotes":""},"categories":[13],"tags":[],"class_list":["post-12516","post","type-post","status-publish","format-standard","hentry","category-lettre-t"],"acf":[],"_links":{"self":[{"href":"https:\/\/www.lesmaconsdelacreuse.fr\/annuaires\/wp-json\/wp\/v2\/posts\/12516","targetHints":{"allow":["GET"]}}],"collection":[{"href":"https:\/\/www.lesmaconsdelacreuse.fr\/annuaires\/wp-json\/wp\/v2\/posts"}],"about":[{"href":"https:\/\/www.lesmaconsdelacreuse.fr\/annuaires\/wp-json\/wp\/v2\/types\/post"}],"author":[{"embeddable":true,"href":"https:\/\/www.lesmaconsdelacreuse.fr\/annuaires\/wp-json\/wp\/v2\/users\/2"}],"replies":[{"embeddable":true,"href":"https:\/\/www.lesmaconsdelacreuse.fr\/annuaires\/wp-json\/wp\/v2\/comments?post=12516"}],"version-history":[{"count":0,"href":"https:\/\/www.lesmaconsdelacreuse.fr\/annuaires\/wp-json\/wp\/v2\/posts\/12516\/revisions"}],"wp:attachment":[{"href":"https:\/\/www.lesmaconsdelacreuse.fr\/annuaires\/wp-json\/wp\/v2\/media?parent=12516"}],"wp:term":[{"taxonomy":"category","embeddable":true,"href":"https:\/\/www.lesmaconsdelacreuse.fr\/annuaires\/wp-json\/wp\/v2\/categories?post=12516"},{"taxonomy":"post_tag","embeddable":true,"href":"https:\/\/www.lesmaconsdelacreuse.fr\/annuaires\/wp-json\/wp\/v2\/tags?post=12516"}],"curies":[{"name":"wp","href":"https:\/\/api.w.org\/{rel}","templated":true}]}}