{"id":12525,"date":"2019-07-28T16:13:13","date_gmt":"2019-07-28T14:13:13","guid":{"rendered":"http:\/\/lesmaconsdelacreuse.fr\/annuaire\/?p=12525"},"modified":"2020-01-20T11:24:03","modified_gmt":"2020-01-20T10:24:03","slug":"t_128","status":"publish","type":"post","link":"https:\/\/www.lesmaconsdelacreuse.fr\/annuaires\/lettre-t\/t_128\/","title":{"rendered":"TOTY Pierre (1863-apr\u00e8s 1909)"},"content":{"rendered":"<p class=\"last-updated\"><strong>Mis \u00e0 jour le :<\/strong> 29\/04\/2026<\/p><h2 style=\"text-align: center;\"><strong>Pierre TOTY<\/strong><\/h2>\n<p style=\"text-align: center;\"><strong>1863 \u2013 apr\u00e8s 1909<\/strong><\/p>\n<p style=\"text-align: center;\"><img decoding=\"async\" title=\"\" src=\"https:\/\/lesmaconsdelacreuse.fr\/annuaire\/wp-content\/uploads\/2019\/07\/image1-189.png\" alt=\"\" data-asset-id=\"12524\" data-source-id=\"i.0\" \/><\/p>\n<h4 style=\"text-align: center;\"><span style=\"color: #008000;\"><strong>ma\u00e7on<\/strong><\/span><\/h4>\n<p style=\"text-align: center;\">n\u00e9 \u00e0 Aubepeyre (Saint-Yriex-la-Montagne)<\/p>\n<p style=\"text-align: center;\">le 26 octobre 1863<\/p>\n<p style=\"text-align: center;\">fils de<\/p>\n<p style=\"text-align: center;\">L\u00e9onard TOTY, <span style=\"color: #008000;\"><strong>ma\u00e7on<\/strong><\/span><\/p>\n<p style=\"text-align: center;\">Genevi\u00e8ve CHAUSSADE, cultivatrice<\/p>\n<p style=\"text-align: center;\"><span style=\"color: #ffffff;\">\u25d9<\/span><\/p>\n<p><strong>En 1883<\/strong><em>, Pierre habite Saint-Pierre-le-Bost avec ses parents.<\/em><\/p>\n<p><strong>En 1890<\/strong><em>, il travaille \u00e0 <\/em><span style=\"color: #0000ff;\"><strong>Paris (75)<\/strong><\/span><em> et loge 107, rue Mouffetard, puis 94, rue de Lorraine.<\/em><\/p>\n<p><em> Il \u00e9pouse Adelphine Augustine <\/em><strong>MEAUME<\/strong><em> le 20 mars de la m\u00eame ann\u00e9e \u00e0 Vidaillat (contrat Toumieux \u00e0 Roy\u00e8re).<\/em><\/p>\n<p><em>Il continue \u00e0 travailler \u00e0 Paris, logeant\u00a0:<\/em><\/p>\n<p><strong>en 1892<\/strong><em>, 39, rue Lac\u00e9p\u00e8de;<\/em><\/p>\n<p><strong>en 1896<\/strong><em>, 20, rue Baumier\u00a0;<\/em><\/p>\n<p><strong>en 1897<\/strong><em>, 8, rue Lacaze.<\/em><\/p>\n","protected":false},"excerpt":{"rendered":"<p>Mis \u00e0 jour le : 29\/04\/2026Pierre TOTY 1863 \u2013 apr\u00e8s 1909 ma\u00e7on n\u00e9 \u00e0 Aubepeyre (Saint-Yriex-la-Montagne) le 26 octobre 1863 fils de L\u00e9onard TOTY, ma\u00e7on Genevi\u00e8ve CHAUSSADE, cultivatrice \u25d9 En 1883, Pierre habite Saint-Pierre-le-Bost avec ses parents. En 1890, il travaille \u00e0 Paris (75) et loge 107, rue Mouffetard, puis 94, rue de Lorraine. Il ..<\/p>\n<div class=\"clear-fix\"><\/div>\n<p><a href=\"https:\/\/www.lesmaconsdelacreuse.fr\/annuaires\/lettre-t\/t_128\/\" title=\"Lire la suite...\">Lire la suite<\/a><\/p>\n","protected":false},"author":2,"featured_media":0,"comment_status":"closed","ping_status":"closed","sticky":false,"template":"","format":"standard","meta":{"_acf_changed":false,"_exactmetrics_skip_tracking":false,"_exactmetrics_sitenote_active":false,"_exactmetrics_sitenote_note":"","_exactmetrics_sitenote_category":0,"footnotes":""},"categories":[13],"tags":[],"class_list":["post-12525","post","type-post","status-publish","format-standard","hentry","category-lettre-t"],"acf":[],"_links":{"self":[{"href":"https:\/\/www.lesmaconsdelacreuse.fr\/annuaires\/wp-json\/wp\/v2\/posts\/12525","targetHints":{"allow":["GET"]}}],"collection":[{"href":"https:\/\/www.lesmaconsdelacreuse.fr\/annuaires\/wp-json\/wp\/v2\/posts"}],"about":[{"href":"https:\/\/www.lesmaconsdelacreuse.fr\/annuaires\/wp-json\/wp\/v2\/types\/post"}],"author":[{"embeddable":true,"href":"https:\/\/www.lesmaconsdelacreuse.fr\/annuaires\/wp-json\/wp\/v2\/users\/2"}],"replies":[{"embeddable":true,"href":"https:\/\/www.lesmaconsdelacreuse.fr\/annuaires\/wp-json\/wp\/v2\/comments?post=12525"}],"version-history":[{"count":0,"href":"https:\/\/www.lesmaconsdelacreuse.fr\/annuaires\/wp-json\/wp\/v2\/posts\/12525\/revisions"}],"wp:attachment":[{"href":"https:\/\/www.lesmaconsdelacreuse.fr\/annuaires\/wp-json\/wp\/v2\/media?parent=12525"}],"wp:term":[{"taxonomy":"category","embeddable":true,"href":"https:\/\/www.lesmaconsdelacreuse.fr\/annuaires\/wp-json\/wp\/v2\/categories?post=12525"},{"taxonomy":"post_tag","embeddable":true,"href":"https:\/\/www.lesmaconsdelacreuse.fr\/annuaires\/wp-json\/wp\/v2\/tags?post=12525"}],"curies":[{"name":"wp","href":"https:\/\/api.w.org\/{rel}","templated":true}]}}