{"id":12532,"date":"2019-07-28T16:13:13","date_gmt":"2019-07-28T14:13:13","guid":{"rendered":"http:\/\/lesmaconsdelacreuse.fr\/annuaire\/?p=12532"},"modified":"2022-05-02T14:54:11","modified_gmt":"2022-05-02T12:54:11","slug":"t_200","status":"publish","type":"post","link":"https:\/\/www.lesmaconsdelacreuse.fr\/annuaires\/lettre-t\/t_200\/","title":{"rendered":"THOMAS Alexis (1842-entre 1875 et 1894)"},"content":{"rendered":"<p class=\"last-updated\"><strong>Mis \u00e0 jour le :<\/strong> 29\/04\/2026<\/p><h2 style=\"text-align: center;\"><strong>Alexis THOMAS<\/strong><\/h2>\n<p style=\"text-align: center;\"><strong>1842 \u2013 entre 1875 et 1894<\/strong><\/p>\n<p style=\"text-align: center;\"><img loading=\"lazy\" decoding=\"async\" class=\"\" title=\"\" src=\"https:\/\/lesmaconsdelacreuse.fr\/annuaire\/wp-content\/uploads\/2019\/07\/image1-3010.jpg\" alt=\"\" width=\"213\" height=\"112\" data-asset-id=\"12530\" data-source-id=\"i.0\" \/><\/p>\n<h4 style=\"text-align: center;\"><span style=\"color: #008000;\"><strong>ma\u00e7on<\/strong><\/span><\/h4>\n<p style=\"text-align: center;\">n\u00e9 aux Granges (Saint-Julien-le-Petit &#8211; 87)<\/p>\n<p style=\"text-align: center;\">le 15 juillet 1842<\/p>\n<p style=\"text-align: center;\">fils naturel de<\/p>\n<p style=\"text-align: center;\">Marie THOMAS, cultivatrice<\/p>\n<p style=\"text-align: center;\"><span style=\"color: #ffffff;\">\u25d9<\/span><\/p>\n<p><strong>En 1863<\/strong><em>, Alexis habite Verdinas, commune de Roy\u00e8re, avec sa m\u00e8re. Il se pr\u00e9sente au conseil de r\u00e9vision avec des varices.<\/em><\/p>\n<p><strong>En 1864<\/strong><em>, il travaille \u00e0 <\/em><span style=\"color: #0000ff;\"><strong>Paris (75)<\/strong><\/span><em>, logeant 16, rue de La B\u00fbcherie, 5<sup>e<\/sup> arrondissement.<\/em><\/p>\n<p><em>Il \u00e9pouse Anne <\/em><strong>CHASSIN<\/strong><em> le 8 f\u00e9vrier <\/em><strong>1866<\/strong><em> \u00e0 Saint-Pierre-le-Bost (contrat Toumieux \u00e0 Roy\u00e8re).<\/em><\/p>\n<p><em>Ils sont ensemble \u00e0 Paris <\/em><strong>d\u00e8s 1871<\/strong>.<\/p>\n<p><strong>\u00a0En 1875<\/strong><em>, ils habitent 20, rue Charlemagne, 4<sup>e<\/sup> arrondissement, et Anne est logeuse.<\/em><\/p>\n<p><em>\u00a0<\/em>En 1898<em>, Anne est veuve, et marchande de vin.<\/em><\/p>\n","protected":false},"excerpt":{"rendered":"<p>Mis \u00e0 jour le : 29\/04\/2026Alexis THOMAS 1842 \u2013 entre 1875 et 1894 ma\u00e7on n\u00e9 aux Granges (Saint-Julien-le-Petit &#8211; 87) le 15 juillet 1842 fils naturel de Marie THOMAS, cultivatrice \u25d9 En 1863, Alexis habite Verdinas, commune de Roy\u00e8re, avec sa m\u00e8re. Il se pr\u00e9sente au conseil de r\u00e9vision avec des varices. En 1864, il ..<\/p>\n<div class=\"clear-fix\"><\/div>\n<p><a href=\"https:\/\/www.lesmaconsdelacreuse.fr\/annuaires\/lettre-t\/t_200\/\" title=\"Lire la suite...\">Lire la suite<\/a><\/p>\n","protected":false},"author":2,"featured_media":0,"comment_status":"closed","ping_status":"closed","sticky":false,"template":"","format":"standard","meta":{"_acf_changed":false,"_exactmetrics_skip_tracking":false,"_exactmetrics_sitenote_active":false,"_exactmetrics_sitenote_note":"","_exactmetrics_sitenote_category":0,"footnotes":""},"categories":[13],"tags":[],"class_list":["post-12532","post","type-post","status-publish","format-standard","hentry","category-lettre-t"],"acf":[],"_links":{"self":[{"href":"https:\/\/www.lesmaconsdelacreuse.fr\/annuaires\/wp-json\/wp\/v2\/posts\/12532","targetHints":{"allow":["GET"]}}],"collection":[{"href":"https:\/\/www.lesmaconsdelacreuse.fr\/annuaires\/wp-json\/wp\/v2\/posts"}],"about":[{"href":"https:\/\/www.lesmaconsdelacreuse.fr\/annuaires\/wp-json\/wp\/v2\/types\/post"}],"author":[{"embeddable":true,"href":"https:\/\/www.lesmaconsdelacreuse.fr\/annuaires\/wp-json\/wp\/v2\/users\/2"}],"replies":[{"embeddable":true,"href":"https:\/\/www.lesmaconsdelacreuse.fr\/annuaires\/wp-json\/wp\/v2\/comments?post=12532"}],"version-history":[{"count":2,"href":"https:\/\/www.lesmaconsdelacreuse.fr\/annuaires\/wp-json\/wp\/v2\/posts\/12532\/revisions"}],"predecessor-version":[{"id":198579,"href":"https:\/\/www.lesmaconsdelacreuse.fr\/annuaires\/wp-json\/wp\/v2\/posts\/12532\/revisions\/198579"}],"wp:attachment":[{"href":"https:\/\/www.lesmaconsdelacreuse.fr\/annuaires\/wp-json\/wp\/v2\/media?parent=12532"}],"wp:term":[{"taxonomy":"category","embeddable":true,"href":"https:\/\/www.lesmaconsdelacreuse.fr\/annuaires\/wp-json\/wp\/v2\/categories?post=12532"},{"taxonomy":"post_tag","embeddable":true,"href":"https:\/\/www.lesmaconsdelacreuse.fr\/annuaires\/wp-json\/wp\/v2\/tags?post=12532"}],"curies":[{"name":"wp","href":"https:\/\/api.w.org\/{rel}","templated":true}]}}