{"id":12534,"date":"2019-07-28T16:13:13","date_gmt":"2019-07-28T14:13:13","guid":{"rendered":"http:\/\/lesmaconsdelacreuse.fr\/annuaire\/?p=12534"},"modified":"2020-01-20T11:24:02","modified_gmt":"2020-01-20T10:24:02","slug":"t_137","status":"publish","type":"post","link":"https:\/\/www.lesmaconsdelacreuse.fr\/annuaires\/lettre-t\/t_137\/","title":{"rendered":"TEMPLARDON Fran\u00e7ois (vers 1710-entre 1737 et 1745)"},"content":{"rendered":"<p class=\"last-updated\"><strong>Mis \u00e0 jour le :<\/strong> 29\/04\/2026<\/p><h2 style=\"text-align: center;\"><strong>Fran\u00e7ois TEMPLARDON<\/strong><\/h2>\n<p style=\"text-align: center;\"><strong>vers 1710 \u2013 entre 1737 et 1745<\/strong><\/p>\n<p style=\"text-align: center;\"><img decoding=\"async\" title=\"\" src=\"https:\/\/lesmaconsdelacreuse.fr\/annuaire\/wp-content\/uploads\/2019\/07\/image1-3011.jpg\" alt=\"\" data-asset-id=\"12533\" data-source-id=\"i.0\" \/><\/p>\n<h4 style=\"text-align: center;\"><span style=\"color: #008000;\"><strong>ma\u00e7on <\/strong>et<strong> laboureur<\/strong><\/span><\/h4>\n<p style=\"text-align: center;\">n\u00e9 \u00e0 Grandjanon (Saint-Pierre-le-Bost)\u00a0?<\/p>\n<p style=\"text-align: center;\">vers 1710<\/p>\n<p style=\"text-align: center;\">fils de<\/p>\n<p style=\"text-align: center;\">L\u00e9onard TEMPLARDON \/ Marie DUPHOT<\/p>\n<p style=\"text-align: center;\"><span style=\"color: #ffffff;\">\u25d9<\/span><\/p>\n<p><em>Fran\u00e7ois \u00e9pouse Jeanne <\/em><strong>DELANNET<\/strong><em> le 4 f\u00e9vrier <\/em><strong>1727<\/strong><em> \u00e0 Saint-Pierre. Le contrat sera pass\u00e9 plus tard, le 19 mars <\/em>1734<em>, devant Me Delavergne du Monteil-au-Vicomte. <\/em><\/p>\n<p><em>Les \u00e9poux habitent La Croisille, paroisse de Saint-Pierre.<\/em><\/p>\n<p><em> Fran\u00e7ois d\u00e9c\u00e8de \u00e0 <\/em><span style=\"color: #0000ff;\"><strong>Lyon (69)<\/strong><\/span><em> \u25ba<\/em><span style=\"color: #ff00ff;\"><strong><a target=\"_blank\"style=\"color: #ff00ff;\" href=\"https:\/\/www.lesmaconsdelacreuse.fr\/annuaires\/\/wp-content\/uploads\/DOCUMENTS\/1745_-_Francois_TEMPLARDON_mort_a_Lyon.pdf\">avant 1745<\/a><\/strong><\/span><em>, date \u00e0 laquelle sa veuve se remarie avec Jean DUPHOT.<\/em><\/p>\n","protected":false},"excerpt":{"rendered":"<p>Mis \u00e0 jour le : 29\/04\/2026Fran\u00e7ois TEMPLARDON vers 1710 \u2013 entre 1737 et 1745 ma\u00e7on et laboureur n\u00e9 \u00e0 Grandjanon (Saint-Pierre-le-Bost)\u00a0? vers 1710 fils de L\u00e9onard TEMPLARDON \/ Marie DUPHOT \u25d9 Fran\u00e7ois \u00e9pouse Jeanne DELANNET le 4 f\u00e9vrier 1727 \u00e0 Saint-Pierre. Le contrat sera pass\u00e9 plus tard, le 19 mars 1734, devant Me Delavergne du ..<\/p>\n<div class=\"clear-fix\"><\/div>\n<p><a href=\"https:\/\/www.lesmaconsdelacreuse.fr\/annuaires\/lettre-t\/t_137\/\" title=\"Lire la suite...\">Lire la suite<\/a><\/p>\n","protected":false},"author":2,"featured_media":0,"comment_status":"closed","ping_status":"closed","sticky":false,"template":"","format":"standard","meta":{"_acf_changed":false,"_exactmetrics_skip_tracking":false,"_exactmetrics_sitenote_active":false,"_exactmetrics_sitenote_note":"","_exactmetrics_sitenote_category":0,"footnotes":""},"categories":[13],"tags":[],"class_list":["post-12534","post","type-post","status-publish","format-standard","hentry","category-lettre-t"],"acf":[],"_links":{"self":[{"href":"https:\/\/www.lesmaconsdelacreuse.fr\/annuaires\/wp-json\/wp\/v2\/posts\/12534","targetHints":{"allow":["GET"]}}],"collection":[{"href":"https:\/\/www.lesmaconsdelacreuse.fr\/annuaires\/wp-json\/wp\/v2\/posts"}],"about":[{"href":"https:\/\/www.lesmaconsdelacreuse.fr\/annuaires\/wp-json\/wp\/v2\/types\/post"}],"author":[{"embeddable":true,"href":"https:\/\/www.lesmaconsdelacreuse.fr\/annuaires\/wp-json\/wp\/v2\/users\/2"}],"replies":[{"embeddable":true,"href":"https:\/\/www.lesmaconsdelacreuse.fr\/annuaires\/wp-json\/wp\/v2\/comments?post=12534"}],"version-history":[{"count":0,"href":"https:\/\/www.lesmaconsdelacreuse.fr\/annuaires\/wp-json\/wp\/v2\/posts\/12534\/revisions"}],"wp:attachment":[{"href":"https:\/\/www.lesmaconsdelacreuse.fr\/annuaires\/wp-json\/wp\/v2\/media?parent=12534"}],"wp:term":[{"taxonomy":"category","embeddable":true,"href":"https:\/\/www.lesmaconsdelacreuse.fr\/annuaires\/wp-json\/wp\/v2\/categories?post=12534"},{"taxonomy":"post_tag","embeddable":true,"href":"https:\/\/www.lesmaconsdelacreuse.fr\/annuaires\/wp-json\/wp\/v2\/tags?post=12534"}],"curies":[{"name":"wp","href":"https:\/\/api.w.org\/{rel}","templated":true}]}}