{"id":12536,"date":"2019-07-28T16:13:13","date_gmt":"2019-07-28T14:13:13","guid":{"rendered":"http:\/\/lesmaconsdelacreuse.fr\/annuaire\/?p=12536"},"modified":"2020-08-23T15:24:44","modified_gmt":"2020-08-23T13:24:44","slug":"t_166","status":"publish","type":"post","link":"https:\/\/www.lesmaconsdelacreuse.fr\/annuaires\/lettre-t\/t_166\/","title":{"rendered":"THEVENOT Jean (1827-1906)"},"content":{"rendered":"<p class=\"last-updated\"><strong>Mis \u00e0 jour le :<\/strong> 29\/04\/2026<\/p><h2 style=\"text-align: center;\"><strong>Jean TH\u00c9VENOT<\/strong><\/h2>\n<p style=\"text-align: center;\"><strong>1827 \u2013 1906<\/strong><\/p>\n<p style=\"text-align: center;\"><img decoding=\"async\" title=\"\" src=\"https:\/\/lesmaconsdelacreuse.fr\/annuaire\/wp-content\/uploads\/2019\/07\/image1-3012.jpg\" alt=\"\" data-asset-id=\"12535\" data-source-id=\"i.0\" \/><\/p>\n<h4 style=\"text-align: center;\"><span style=\"color: #008000;\"><strong>ma\u00e7on <\/strong>et <strong>propri\u00e9taire cultivateur<\/strong><\/span><\/h4>\n<p style=\"text-align: center;\">n\u00e9 au bourg de Roy\u00e8re<\/p>\n<p style=\"text-align: center;\">le 13 mars 1827<\/p>\n<p style=\"text-align: center;\">fils de<\/p>\n<p style=\"text-align: center;\">Michel TH\u00c9VENOT \/ Marie BADADAN<\/p>\n<p style=\"text-align: center;\">propri\u00e9taires cultivateurs<\/p>\n<p style=\"text-align: center;\"><span style=\"color: #ffffff;\">\u25d9<\/span><\/p>\n<p><em>Jean \u00e9pouse Anne <\/em><strong>JEANSANETAS<\/strong><em> le 31 janvier <\/em><strong>1854<\/strong><em> \u00e0 Roy\u00e8re (contrat Toumieux). Ils habitent d\u2019abord Jeansanetas. <\/em><\/p>\n<p><strong>En 1870 et 1871<\/strong><em>, ils habitent <\/em><span style=\"color: #0000ff;\"><strong>Bordeaux (33)<\/strong><\/span><em>, 8, rue Milli\u00e8re\u00a0;<\/em><\/p>\n<p>\u25ba<span style=\"color: #000000;\"><strong><a target=\"_blank\"style=\"color: #000000;\" href=\"https:\/\/www.lesmaconsdelacreuse.fr\/annuaires\/\/wp-content\/uploads\/DOCUMENTS\/1880_-_Jean_THEVENOT_a_Bordeaux.pdf\">en 1880<\/a><\/strong><\/span><em>, 34, rue Cornu.<\/em><\/p>\n<p><em> Ils d\u00e9c\u00e8dent \u00e0 Jeansanetas\u00a0:<\/em><\/p>\n<ul>\n<li><em>Anne, le 16 octobre <\/em><strong>1900<\/strong><em>, \u00e2g\u00e9e de 72 ans<\/em><\/li>\n<li><em>Jean, le 28 octobre <\/em><strong>1906<\/strong><em>, \u00e2g\u00e9 de 79 ans<\/em><\/li>\n<\/ul>\n","protected":false},"excerpt":{"rendered":"<p>Mis \u00e0 jour le : 29\/04\/2026Jean TH\u00c9VENOT 1827 \u2013 1906 ma\u00e7on et propri\u00e9taire cultivateur n\u00e9 au bourg de Roy\u00e8re le 13 mars 1827 fils de Michel TH\u00c9VENOT \/ Marie BADADAN propri\u00e9taires cultivateurs \u25d9 Jean \u00e9pouse Anne JEANSANETAS le 31 janvier 1854 \u00e0 Roy\u00e8re (contrat Toumieux). Ils habitent d\u2019abord Jeansanetas. En 1870 et 1871, ils habitent ..<\/p>\n<div class=\"clear-fix\"><\/div>\n<p><a href=\"https:\/\/www.lesmaconsdelacreuse.fr\/annuaires\/lettre-t\/t_166\/\" title=\"Lire la suite...\">Lire la suite<\/a><\/p>\n","protected":false},"author":2,"featured_media":0,"comment_status":"closed","ping_status":"closed","sticky":false,"template":"","format":"standard","meta":{"_acf_changed":false,"_exactmetrics_skip_tracking":false,"_exactmetrics_sitenote_active":false,"_exactmetrics_sitenote_note":"","_exactmetrics_sitenote_category":0,"footnotes":""},"categories":[13],"tags":[],"class_list":["post-12536","post","type-post","status-publish","format-standard","hentry","category-lettre-t"],"acf":[],"_links":{"self":[{"href":"https:\/\/www.lesmaconsdelacreuse.fr\/annuaires\/wp-json\/wp\/v2\/posts\/12536","targetHints":{"allow":["GET"]}}],"collection":[{"href":"https:\/\/www.lesmaconsdelacreuse.fr\/annuaires\/wp-json\/wp\/v2\/posts"}],"about":[{"href":"https:\/\/www.lesmaconsdelacreuse.fr\/annuaires\/wp-json\/wp\/v2\/types\/post"}],"author":[{"embeddable":true,"href":"https:\/\/www.lesmaconsdelacreuse.fr\/annuaires\/wp-json\/wp\/v2\/users\/2"}],"replies":[{"embeddable":true,"href":"https:\/\/www.lesmaconsdelacreuse.fr\/annuaires\/wp-json\/wp\/v2\/comments?post=12536"}],"version-history":[{"count":0,"href":"https:\/\/www.lesmaconsdelacreuse.fr\/annuaires\/wp-json\/wp\/v2\/posts\/12536\/revisions"}],"wp:attachment":[{"href":"https:\/\/www.lesmaconsdelacreuse.fr\/annuaires\/wp-json\/wp\/v2\/media?parent=12536"}],"wp:term":[{"taxonomy":"category","embeddable":true,"href":"https:\/\/www.lesmaconsdelacreuse.fr\/annuaires\/wp-json\/wp\/v2\/categories?post=12536"},{"taxonomy":"post_tag","embeddable":true,"href":"https:\/\/www.lesmaconsdelacreuse.fr\/annuaires\/wp-json\/wp\/v2\/tags?post=12536"}],"curies":[{"name":"wp","href":"https:\/\/api.w.org\/{rel}","templated":true}]}}