{"id":12541,"date":"2019-07-28T16:13:12","date_gmt":"2019-07-28T14:13:12","guid":{"rendered":"http:\/\/lesmaconsdelacreuse.fr\/annuaire\/?p=12541"},"modified":"2020-01-20T11:24:04","modified_gmt":"2020-01-20T10:24:04","slug":"t_144","status":"publish","type":"post","link":"https:\/\/www.lesmaconsdelacreuse.fr\/annuaires\/lettre-t\/t_144\/","title":{"rendered":"TERRASSIER Henri Andr\u00e9 (1908-apr\u00e8s 1949)"},"content":{"rendered":"<p class=\"last-updated\"><strong>Mis \u00e0 jour le :<\/strong> 30\/04\/2026<\/p><h2 style=\"text-align: center;\"><strong>Henri Andr\u00e9 TERRASSIER<\/strong><\/h2>\n<p style=\"text-align: center;\"><strong>Henri TERRASSIER<\/strong><\/p>\n<p style=\"text-align: center;\"><strong>1908 \u2013 apr\u00e8s 1949<\/strong><\/p>\n<p style=\"text-align: center;\"><img decoding=\"async\" title=\"\" src=\"https:\/\/lesmaconsdelacreuse.fr\/annuaire\/wp-content\/uploads\/2019\/07\/image1-3014.jpg\" alt=\"\" data-asset-id=\"12540\" data-source-id=\"i.0\" \/><\/p>\n<h4 style=\"text-align: center;\"><span style=\"color: #008000;\"><strong>ma\u00e7on <\/strong>et<strong> cultivateur<\/strong><\/span><\/h4>\n<p style=\"text-align: center;\">n\u00e9 \u00e0 Paris 18e<\/p>\n<p style=\"text-align: center;\">le 28 novembre 1908<\/p>\n<p style=\"text-align: center;\">fils de<\/p>\n<p style=\"text-align: center;\">Fran\u00e7ois TERRASSIER, <span style=\"color: #008000;\"><strong>ma\u00e7on<\/strong><\/span><\/p>\n<p style=\"text-align: center;\">Marie CANQUE, cultivatrice<\/p>\n<p style=\"text-align: center;\"><span style=\"color: #ffffff;\">\u25d9<\/span><\/p>\n<p><strong>En 1929<\/strong><em>, Henri habite Masgrangeas, commune de Roy\u00e8re, avec ses parents. Lors du conseil de r\u00e9vision, il est ajourn\u00e9 pour faiblesse, puis jug\u00e9 apte l\u2019ann\u00e9e suivante.<\/em><\/p>\n<p><em>Il \u00e9pouse Marcelle <\/em><strong>MATHIEU<\/strong><em> le 31 octobre <\/em><strong>1933<\/strong><em> \u00e0 Roy\u00e8re (mari\u00e9s sans contrat).<\/em><\/p>\n<p><em> Ils habitent Masgrangeas.<\/em><\/p>\n<p><em>Marcelle d\u00e9c\u00e8de \u00e0 Bourganeuf le 16 f\u00e9vrier <\/em><strong>1988<\/strong><em>, \u00e2g\u00e9e de 80 ans.<\/em><\/p>\n","protected":false},"excerpt":{"rendered":"<p>Mis \u00e0 jour le : 30\/04\/2026Henri Andr\u00e9 TERRASSIER Henri TERRASSIER 1908 \u2013 apr\u00e8s 1949 ma\u00e7on et cultivateur n\u00e9 \u00e0 Paris 18e le 28 novembre 1908 fils de Fran\u00e7ois TERRASSIER, ma\u00e7on Marie CANQUE, cultivatrice \u25d9 En 1929, Henri habite Masgrangeas, commune de Roy\u00e8re, avec ses parents. Lors du conseil de r\u00e9vision, il est ajourn\u00e9 pour faiblesse, ..<\/p>\n<div class=\"clear-fix\"><\/div>\n<p><a href=\"https:\/\/www.lesmaconsdelacreuse.fr\/annuaires\/lettre-t\/t_144\/\" title=\"Lire la suite...\">Lire la suite<\/a><\/p>\n","protected":false},"author":2,"featured_media":0,"comment_status":"closed","ping_status":"closed","sticky":false,"template":"","format":"standard","meta":{"_acf_changed":false,"_exactmetrics_skip_tracking":false,"_exactmetrics_sitenote_active":false,"_exactmetrics_sitenote_note":"","_exactmetrics_sitenote_category":0,"footnotes":""},"categories":[13],"tags":[],"class_list":["post-12541","post","type-post","status-publish","format-standard","hentry","category-lettre-t"],"acf":[],"_links":{"self":[{"href":"https:\/\/www.lesmaconsdelacreuse.fr\/annuaires\/wp-json\/wp\/v2\/posts\/12541","targetHints":{"allow":["GET"]}}],"collection":[{"href":"https:\/\/www.lesmaconsdelacreuse.fr\/annuaires\/wp-json\/wp\/v2\/posts"}],"about":[{"href":"https:\/\/www.lesmaconsdelacreuse.fr\/annuaires\/wp-json\/wp\/v2\/types\/post"}],"author":[{"embeddable":true,"href":"https:\/\/www.lesmaconsdelacreuse.fr\/annuaires\/wp-json\/wp\/v2\/users\/2"}],"replies":[{"embeddable":true,"href":"https:\/\/www.lesmaconsdelacreuse.fr\/annuaires\/wp-json\/wp\/v2\/comments?post=12541"}],"version-history":[{"count":0,"href":"https:\/\/www.lesmaconsdelacreuse.fr\/annuaires\/wp-json\/wp\/v2\/posts\/12541\/revisions"}],"wp:attachment":[{"href":"https:\/\/www.lesmaconsdelacreuse.fr\/annuaires\/wp-json\/wp\/v2\/media?parent=12541"}],"wp:term":[{"taxonomy":"category","embeddable":true,"href":"https:\/\/www.lesmaconsdelacreuse.fr\/annuaires\/wp-json\/wp\/v2\/categories?post=12541"},{"taxonomy":"post_tag","embeddable":true,"href":"https:\/\/www.lesmaconsdelacreuse.fr\/annuaires\/wp-json\/wp\/v2\/tags?post=12541"}],"curies":[{"name":"wp","href":"https:\/\/api.w.org\/{rel}","templated":true}]}}