{"id":12545,"date":"2019-07-28T16:13:12","date_gmt":"2019-07-28T14:13:12","guid":{"rendered":"http:\/\/lesmaconsdelacreuse.fr\/annuaire\/?p=12545"},"modified":"2022-12-19T15:55:29","modified_gmt":"2022-12-19T14:55:29","slug":"t_127","status":"publish","type":"post","link":"https:\/\/www.lesmaconsdelacreuse.fr\/annuaires\/lettre-t\/t_127\/","title":{"rendered":"TAUTY No\u00ebl (vers 1654-apr\u00e8s 1688)"},"content":{"rendered":"<p class=\"last-updated\"><strong>Mis \u00e0 jour le :<\/strong> 30\/04\/2026<\/p><h2 style=\"text-align: center;\"><strong>No\u00ebl TAUTY<\/strong><\/h2>\n<p style=\"text-align: center;\"><strong>vers 1654 \u2013 apr\u00e8s 1688<\/strong><\/p>\n<p style=\"text-align: center;\"><img decoding=\"async\" title=\"\" src=\"https:\/\/lesmaconsdelacreuse.fr\/annuaire\/wp-content\/uploads\/2019\/07\/image1-3016.jpg\" alt=\"\" data-asset-id=\"12544\" data-source-id=\"i.0\" \/><\/p>\n<h4 style=\"text-align: center;\"><span style=\"color: #008000;\"><strong>ma\u00e7on <\/strong>et<strong> laboureur<\/strong><\/span><\/h4>\n<p style=\"text-align: center;\">n\u00e9 \u00e0 Arfeuille (Roy\u00e8re)\u00a0?<\/p>\n<p style=\"text-align: center;\">vers 1654<\/p>\n<p style=\"text-align: center;\">fils de<\/p>\n<p style=\"text-align: center;\">No\u00ebl TAUTY \/ Catherine DARFEUILLE<\/p>\n<p style=\"text-align: center;\"><span style=\"color: #ffffff;\">\u25d9<\/span><\/p>\n<p><em>No\u00ebl \u00e9pouse L\u00e9onarde <\/em><strong>MEAUME<\/strong><em> le 3 f\u00e9vrier <\/em><strong>1671<\/strong><em> \u00e0 Roy\u00e8re. <\/em><\/p>\n<p><em>Ils habitent Vincent, m\u00eame paroisse.<\/em><\/p>\n<p>S17<\/p>\n","protected":false},"excerpt":{"rendered":"<p>Mis \u00e0 jour le : 30\/04\/2026No\u00ebl TAUTY vers 1654 \u2013 apr\u00e8s 1688 ma\u00e7on et laboureur n\u00e9 \u00e0 Arfeuille (Roy\u00e8re)\u00a0? vers 1654 fils de No\u00ebl TAUTY \/ Catherine DARFEUILLE \u25d9 No\u00ebl \u00e9pouse L\u00e9onarde MEAUME le 3 f\u00e9vrier 1671 \u00e0 Roy\u00e8re. Ils habitent Vincent, m\u00eame par..<\/p>\n<div class=\"clear-fix\"><\/div>\n<p><a href=\"https:\/\/www.lesmaconsdelacreuse.fr\/annuaires\/lettre-t\/t_127\/\" title=\"Lire la suite...\">Lire la suite<\/a><\/p>\n","protected":false},"author":2,"featured_media":0,"comment_status":"closed","ping_status":"closed","sticky":false,"template":"","format":"standard","meta":{"_acf_changed":false,"_exactmetrics_skip_tracking":false,"_exactmetrics_sitenote_active":false,"_exactmetrics_sitenote_note":"","_exactmetrics_sitenote_category":0,"footnotes":""},"categories":[13],"tags":[],"class_list":["post-12545","post","type-post","status-publish","format-standard","hentry","category-lettre-t"],"acf":[],"_links":{"self":[{"href":"https:\/\/www.lesmaconsdelacreuse.fr\/annuaires\/wp-json\/wp\/v2\/posts\/12545","targetHints":{"allow":["GET"]}}],"collection":[{"href":"https:\/\/www.lesmaconsdelacreuse.fr\/annuaires\/wp-json\/wp\/v2\/posts"}],"about":[{"href":"https:\/\/www.lesmaconsdelacreuse.fr\/annuaires\/wp-json\/wp\/v2\/types\/post"}],"author":[{"embeddable":true,"href":"https:\/\/www.lesmaconsdelacreuse.fr\/annuaires\/wp-json\/wp\/v2\/users\/2"}],"replies":[{"embeddable":true,"href":"https:\/\/www.lesmaconsdelacreuse.fr\/annuaires\/wp-json\/wp\/v2\/comments?post=12545"}],"version-history":[{"count":1,"href":"https:\/\/www.lesmaconsdelacreuse.fr\/annuaires\/wp-json\/wp\/v2\/posts\/12545\/revisions"}],"predecessor-version":[{"id":203213,"href":"https:\/\/www.lesmaconsdelacreuse.fr\/annuaires\/wp-json\/wp\/v2\/posts\/12545\/revisions\/203213"}],"wp:attachment":[{"href":"https:\/\/www.lesmaconsdelacreuse.fr\/annuaires\/wp-json\/wp\/v2\/media?parent=12545"}],"wp:term":[{"taxonomy":"category","embeddable":true,"href":"https:\/\/www.lesmaconsdelacreuse.fr\/annuaires\/wp-json\/wp\/v2\/categories?post=12545"},{"taxonomy":"post_tag","embeddable":true,"href":"https:\/\/www.lesmaconsdelacreuse.fr\/annuaires\/wp-json\/wp\/v2\/tags?post=12545"}],"curies":[{"name":"wp","href":"https:\/\/api.w.org\/{rel}","templated":true}]}}