{"id":12555,"date":"2019-07-28T16:13:11","date_gmt":"2019-07-28T14:13:11","guid":{"rendered":"http:\/\/lesmaconsdelacreuse.fr\/annuaire\/?p=12555"},"modified":"2020-01-20T11:24:04","modified_gmt":"2020-01-20T10:24:04","slug":"t_102","status":"publish","type":"post","link":"https:\/\/www.lesmaconsdelacreuse.fr\/annuaires\/lettre-t\/t_102\/","title":{"rendered":"TAUTY Jean-Louis (1879-1918)"},"content":{"rendered":"<p class=\"last-updated\"><strong>Mis \u00e0 jour le :<\/strong> 30\/04\/2026<\/p><h2 style=\"text-align: center;\"><strong>Jean-Louis TAUTY<\/strong><\/h2>\n<p style=\"text-align: center;\"><strong>Louis TAUTY<\/strong><\/p>\n<p style=\"text-align: center;\"><strong>1879 \u2013 1918<\/strong><\/p>\n<p style=\"text-align: center;\"><img decoding=\"async\" title=\"\" src=\"https:\/\/lesmaconsdelacreuse.fr\/annuaire\/wp-content\/uploads\/2019\/07\/image1-3019.jpg\" alt=\"\" data-asset-id=\"12552\" data-source-id=\"i.0\" \/><\/p>\n<h4 style=\"text-align: center;\"><span style=\"color: #008000;\"><strong>ma\u00e7on<\/strong> et <strong>meunier<\/strong><\/span><\/h4>\n<p style=\"text-align: center;\">n\u00e9 \u00e0 Haute-Besse (Le Monteil-au-Vicomte)<\/p>\n<p style=\"text-align: center;\">le 8 septembre 1879<\/p>\n<p style=\"text-align: center;\">fils de<\/p>\n<p style=\"text-align: center;\">L\u00e9onard TAUTY, <span style=\"color: #008000;\"><strong>ma\u00e7on<\/strong><\/span><\/p>\n<p style=\"text-align: center;\">H\u00e9l\u00e8ne RIEUBLANC, tisserande<\/p>\n<p style=\"text-align: center;\"><span style=\"color: #ffffff;\">\u25d9<\/span><\/p>\n<p><strong>En 1900<\/strong><em>, lors du conseil de r\u00e9vision, Louis est exempt\u00e9 de service militaire.<\/em><\/p>\n<p><em> Il \u00e9pouse C\u00e9line Cl\u00e9mentine <\/em><strong>BRUG\u00c8RE<\/strong><em> le 22 d\u00e9cembre <\/em><strong>1902<\/strong><em> au Monteil.<\/em><\/p>\n<p><em>Soldat au 64e R\u00e9giment d\u2019Infanterie, Il est tu\u00e9 \u00e0 l\u2019ennemi \u00e0 Sommepy (51) le 30 septembre <\/em><strong>1918<\/strong><em> , \u00e2g\u00e9 de 39 ans.<\/em><\/p>\n","protected":false},"excerpt":{"rendered":"<p>Mis \u00e0 jour le : 30\/04\/2026Jean-Louis TAUTY Louis TAUTY 1879 \u2013 1918 ma\u00e7on et meunier n\u00e9 \u00e0 Haute-Besse (Le Monteil-au-Vicomte) le 8 septembre 1879 fils de L\u00e9onard TAUTY, ma\u00e7on H\u00e9l\u00e8ne RIEUBLANC, tisserande \u25d9 En 1900, lors du conseil de r\u00e9vision, Louis est exempt\u00e9 de service militaire. Il \u00e9pouse C\u00e9line Cl\u00e9mentine BRUG\u00c8RE le 22 d\u00e9cembre 1902 ..<\/p>\n<div class=\"clear-fix\"><\/div>\n<p><a href=\"https:\/\/www.lesmaconsdelacreuse.fr\/annuaires\/lettre-t\/t_102\/\" title=\"Lire la suite...\">Lire la suite<\/a><\/p>\n","protected":false},"author":2,"featured_media":0,"comment_status":"closed","ping_status":"closed","sticky":false,"template":"","format":"standard","meta":{"_acf_changed":false,"_exactmetrics_skip_tracking":false,"_exactmetrics_sitenote_active":false,"_exactmetrics_sitenote_note":"","_exactmetrics_sitenote_category":0,"footnotes":""},"categories":[13],"tags":[],"class_list":["post-12555","post","type-post","status-publish","format-standard","hentry","category-lettre-t"],"acf":[],"_links":{"self":[{"href":"https:\/\/www.lesmaconsdelacreuse.fr\/annuaires\/wp-json\/wp\/v2\/posts\/12555","targetHints":{"allow":["GET"]}}],"collection":[{"href":"https:\/\/www.lesmaconsdelacreuse.fr\/annuaires\/wp-json\/wp\/v2\/posts"}],"about":[{"href":"https:\/\/www.lesmaconsdelacreuse.fr\/annuaires\/wp-json\/wp\/v2\/types\/post"}],"author":[{"embeddable":true,"href":"https:\/\/www.lesmaconsdelacreuse.fr\/annuaires\/wp-json\/wp\/v2\/users\/2"}],"replies":[{"embeddable":true,"href":"https:\/\/www.lesmaconsdelacreuse.fr\/annuaires\/wp-json\/wp\/v2\/comments?post=12555"}],"version-history":[{"count":0,"href":"https:\/\/www.lesmaconsdelacreuse.fr\/annuaires\/wp-json\/wp\/v2\/posts\/12555\/revisions"}],"wp:attachment":[{"href":"https:\/\/www.lesmaconsdelacreuse.fr\/annuaires\/wp-json\/wp\/v2\/media?parent=12555"}],"wp:term":[{"taxonomy":"category","embeddable":true,"href":"https:\/\/www.lesmaconsdelacreuse.fr\/annuaires\/wp-json\/wp\/v2\/categories?post=12555"},{"taxonomy":"post_tag","embeddable":true,"href":"https:\/\/www.lesmaconsdelacreuse.fr\/annuaires\/wp-json\/wp\/v2\/tags?post=12555"}],"curies":[{"name":"wp","href":"https:\/\/api.w.org\/{rel}","templated":true}]}}