{"id":12561,"date":"2019-07-28T16:13:11","date_gmt":"2019-07-28T14:13:11","guid":{"rendered":"http:\/\/lesmaconsdelacreuse.fr\/annuaire\/?p=12561"},"modified":"2022-05-02T10:48:46","modified_gmt":"2022-05-02T08:48:46","slug":"t_111","status":"publish","type":"post","link":"https:\/\/www.lesmaconsdelacreuse.fr\/annuaires\/lettre-t\/t_111\/","title":{"rendered":"TOTY L\u00e9onard (1838-1924)"},"content":{"rendered":"<p class=\"last-updated\"><strong>Mis \u00e0 jour le :<\/strong> 30\/04\/2026<\/p><h2 style=\"text-align: center;\"><strong>L\u00e9onard TOTY<\/strong><\/h2>\n<p style=\"text-align: center;\"><strong>1838 \u2013 1924<\/strong><\/p>\n<p style=\"text-align: center;\"><img decoding=\"async\" title=\"\" src=\"https:\/\/lesmaconsdelacreuse.fr\/annuaire\/wp-content\/uploads\/2019\/07\/image1-3021.jpg\" alt=\"\" data-asset-id=\"12559\" data-source-id=\"i.0\" \/><\/p>\n<h4 style=\"text-align: center;\"><span style=\"color: #008000;\"><strong>ma\u00e7on <\/strong>et<strong> cultivateur<\/strong><\/span><\/h4>\n<p style=\"text-align: center;\">n\u00e9 au Picq (Roy\u00e8re)<\/p>\n<p style=\"text-align: center;\">le 3 novembre 1838<\/p>\n<p style=\"text-align: center;\">fils de<\/p>\n<p style=\"text-align: center;\">L\u00e9onard TOTY, <span style=\"color: #008000;\"><strong>ma\u00e7on<\/strong><\/span><\/p>\n<p style=\"text-align: center;\">Marguerite RUBY, cultivatrice<\/p>\n<p style=\"text-align: center;\"><span style=\"color: #ffffff;\">\u25d9<\/span><\/p>\n<p><strong>En 1863<\/strong><em>, L\u00e9onard habite Le Barry, commune du Monteil-au-Vicomte. Il \u00e9pouse Genevi\u00e8ve <\/em><strong>CHAUSSADE<\/strong><em> le 20 janvier de la m\u00eame ann\u00e9e \u00e0 Saint-Yriex-la-Montagne (mari\u00e9s sans contrat).<\/em><\/p>\n<p><em>Genevi\u00e8ve d\u00e9c\u00e8de \u00e0 La Villatte, commune de Saint-Pierre-le-Bost, le 12 septembre <\/em><strong>1865<\/strong><em>, \u00e2g\u00e9e de 27 ans.<\/em><\/p>\n<p><em> L\u00e9onard se remarie le 23 mai <\/em><strong>1872<\/strong><em> \u00e0 Saint-Pierre avec Marie <\/em><strong>CHAUSSADE<\/strong><em>, sa belle-s\u0153ur (mari\u00e9s sans contrat, avec dispense pr\u00e9sidentielle).<\/em><\/p>\n<p><strong>En 1890<\/strong><em>, ils habitent La Faye-aux-Moines, commune de Chavanat. <\/em><\/p>\n<p><em>Ils d\u00e9c\u00e8dent\u00a0:<\/em><\/p>\n<ul>\n<li><em>Marie, le 21 mars <\/em><strong>1912<\/strong> <em>\u00e0 La Villatte, \u00e2g\u00e9e de 75 ans<\/em><\/li>\n<li><em>L\u00e9onard, le 11 juillet <\/em><strong>1924<\/strong><em>, \u00e0 Bourganeuf, \u00e2g\u00e9 de 85 ans<\/em><\/li>\n<\/ul>\n","protected":false},"excerpt":{"rendered":"<p>Mis \u00e0 jour le : 30\/04\/2026L\u00e9onard TOTY 1838 \u2013 1924 ma\u00e7on et cultivateur n\u00e9 au Picq (Roy\u00e8re) le 3 novembre 1838 fils de L\u00e9onard TOTY, ma\u00e7on Marguerite RUBY, cultivatrice \u25d9 En 1863, L\u00e9onard habite Le Barry, commune du Monteil-au-Vicomte. Il \u00e9pouse Genevi\u00e8ve CHAUSSADE le 20 janvier de la m\u00eame ann\u00e9e \u00e0 Saint-Yriex-la-Montagne (mari\u00e9s sans contrat). ..<\/p>\n<div class=\"clear-fix\"><\/div>\n<p><a href=\"https:\/\/www.lesmaconsdelacreuse.fr\/annuaires\/lettre-t\/t_111\/\" title=\"Lire la suite...\">Lire la suite<\/a><\/p>\n","protected":false},"author":2,"featured_media":0,"comment_status":"closed","ping_status":"closed","sticky":false,"template":"","format":"standard","meta":{"_acf_changed":false,"_exactmetrics_skip_tracking":false,"_exactmetrics_sitenote_active":false,"_exactmetrics_sitenote_note":"","_exactmetrics_sitenote_category":0,"footnotes":""},"categories":[13],"tags":[],"class_list":["post-12561","post","type-post","status-publish","format-standard","hentry","category-lettre-t"],"acf":[],"_links":{"self":[{"href":"https:\/\/www.lesmaconsdelacreuse.fr\/annuaires\/wp-json\/wp\/v2\/posts\/12561","targetHints":{"allow":["GET"]}}],"collection":[{"href":"https:\/\/www.lesmaconsdelacreuse.fr\/annuaires\/wp-json\/wp\/v2\/posts"}],"about":[{"href":"https:\/\/www.lesmaconsdelacreuse.fr\/annuaires\/wp-json\/wp\/v2\/types\/post"}],"author":[{"embeddable":true,"href":"https:\/\/www.lesmaconsdelacreuse.fr\/annuaires\/wp-json\/wp\/v2\/users\/2"}],"replies":[{"embeddable":true,"href":"https:\/\/www.lesmaconsdelacreuse.fr\/annuaires\/wp-json\/wp\/v2\/comments?post=12561"}],"version-history":[{"count":2,"href":"https:\/\/www.lesmaconsdelacreuse.fr\/annuaires\/wp-json\/wp\/v2\/posts\/12561\/revisions"}],"predecessor-version":[{"id":198566,"href":"https:\/\/www.lesmaconsdelacreuse.fr\/annuaires\/wp-json\/wp\/v2\/posts\/12561\/revisions\/198566"}],"wp:attachment":[{"href":"https:\/\/www.lesmaconsdelacreuse.fr\/annuaires\/wp-json\/wp\/v2\/media?parent=12561"}],"wp:term":[{"taxonomy":"category","embeddable":true,"href":"https:\/\/www.lesmaconsdelacreuse.fr\/annuaires\/wp-json\/wp\/v2\/categories?post=12561"},{"taxonomy":"post_tag","embeddable":true,"href":"https:\/\/www.lesmaconsdelacreuse.fr\/annuaires\/wp-json\/wp\/v2\/tags?post=12561"}],"curies":[{"name":"wp","href":"https:\/\/api.w.org\/{rel}","templated":true}]}}