{"id":12602,"date":"2019-07-28T16:13:08","date_gmt":"2019-07-28T14:13:08","guid":{"rendered":"http:\/\/lesmaconsdelacreuse.fr\/annuaire\/?p=12602"},"modified":"2023-01-04T13:15:57","modified_gmt":"2023-01-04T12:15:57","slug":"t_120","status":"publish","type":"post","link":"https:\/\/www.lesmaconsdelacreuse.fr\/annuaires\/lettre-t\/t_120\/","title":{"rendered":"TAUTY Martial (1683-1726)"},"content":{"rendered":"<p class=\"last-updated\"><strong>Mis \u00e0 jour le :<\/strong> 30\/04\/2026<\/p><h2 style=\"text-align: center;\"><strong>Martial TAUTY<\/strong><\/h2>\n<p style=\"text-align: center;\"><strong>1683 \u2013 1726<\/strong><\/p>\n<p style=\"text-align: center;\"><img decoding=\"async\" title=\"\" src=\"https:\/\/lesmaconsdelacreuse.fr\/annuaire\/wp-content\/uploads\/2019\/07\/image1-3038.jpg\" alt=\"\" data-asset-id=\"12600\" data-source-id=\"i.0\" \/><\/p>\n<h4 style=\"text-align: center;\"><span style=\"color: #008000;\"><strong>ma\u00e7on <\/strong>et<strong> laboureur<\/strong><\/span><\/h4>\n<p style=\"text-align: center;\">n\u00e9 \u00e0 Lascaux (Roy\u00e8re)<\/p>\n<p style=\"text-align: center;\">le 4 avril 1683<\/p>\n<p style=\"text-align: center;\">fils de<\/p>\n<p style=\"text-align: center;\">Jean TAUTY, <span style=\"color: #008000;\"><strong>ma\u00e7on <\/strong><\/span><strong>\/ <\/strong>Antoinette LEMASSON<\/p>\n<p style=\"text-align: center;\">laboureurs<\/p>\n<p style=\"text-align: center;\"><span style=\"color: #ffffff;\">\u25d9<\/span><\/p>\n<p><em>Martial \u00e9pouse Jeanne <\/em><strong>COUTISSON<\/strong><em> le 23 f\u00e9vrier <\/em><strong>1700<\/strong><em> \u00e0 Roy\u00e8re (contrat Faure). Ils habitent Lascaux.<\/em><\/p>\n<p><em>Martial y d\u00e9c\u00e8de le 23 juillet <\/em><strong>1726<\/strong><em>, \u00e2g\u00e9 de 43 ans. <\/em><\/p>\n<p><em>Sa veuve se remarie en 1727 avec Jean DUGAUD.<\/em><\/p>\n<p>S17<\/p>\n","protected":false},"excerpt":{"rendered":"<p>Mis \u00e0 jour le : 30\/04\/2026Martial TAUTY 1683 \u2013 1726 ma\u00e7on et laboureur n\u00e9 \u00e0 Lascaux (Roy\u00e8re) le 4 avril 1683 fils de Jean TAUTY, ma\u00e7on \/ Antoinette LEMASSON laboureurs \u25d9 Martial \u00e9pouse Jeanne COUTISSON le 23 f\u00e9vrier 1700 \u00e0 Roy\u00e8re (contrat Faure). Ils habitent Lascaux. Martial y d\u00e9c\u00e8de le 23 juillet 1726, \u00e2g\u00e9 de ..<\/p>\n<div class=\"clear-fix\"><\/div>\n<p><a href=\"https:\/\/www.lesmaconsdelacreuse.fr\/annuaires\/lettre-t\/t_120\/\" title=\"Lire la suite...\">Lire la suite<\/a><\/p>\n","protected":false},"author":2,"featured_media":0,"comment_status":"closed","ping_status":"closed","sticky":false,"template":"","format":"standard","meta":{"_acf_changed":false,"_exactmetrics_skip_tracking":false,"_exactmetrics_sitenote_active":false,"_exactmetrics_sitenote_note":"","_exactmetrics_sitenote_category":0,"footnotes":""},"categories":[13],"tags":[],"class_list":["post-12602","post","type-post","status-publish","format-standard","hentry","category-lettre-t"],"acf":[],"_links":{"self":[{"href":"https:\/\/www.lesmaconsdelacreuse.fr\/annuaires\/wp-json\/wp\/v2\/posts\/12602","targetHints":{"allow":["GET"]}}],"collection":[{"href":"https:\/\/www.lesmaconsdelacreuse.fr\/annuaires\/wp-json\/wp\/v2\/posts"}],"about":[{"href":"https:\/\/www.lesmaconsdelacreuse.fr\/annuaires\/wp-json\/wp\/v2\/types\/post"}],"author":[{"embeddable":true,"href":"https:\/\/www.lesmaconsdelacreuse.fr\/annuaires\/wp-json\/wp\/v2\/users\/2"}],"replies":[{"embeddable":true,"href":"https:\/\/www.lesmaconsdelacreuse.fr\/annuaires\/wp-json\/wp\/v2\/comments?post=12602"}],"version-history":[{"count":1,"href":"https:\/\/www.lesmaconsdelacreuse.fr\/annuaires\/wp-json\/wp\/v2\/posts\/12602\/revisions"}],"predecessor-version":[{"id":203740,"href":"https:\/\/www.lesmaconsdelacreuse.fr\/annuaires\/wp-json\/wp\/v2\/posts\/12602\/revisions\/203740"}],"wp:attachment":[{"href":"https:\/\/www.lesmaconsdelacreuse.fr\/annuaires\/wp-json\/wp\/v2\/media?parent=12602"}],"wp:term":[{"taxonomy":"category","embeddable":true,"href":"https:\/\/www.lesmaconsdelacreuse.fr\/annuaires\/wp-json\/wp\/v2\/categories?post=12602"},{"taxonomy":"post_tag","embeddable":true,"href":"https:\/\/www.lesmaconsdelacreuse.fr\/annuaires\/wp-json\/wp\/v2\/tags?post=12602"}],"curies":[{"name":"wp","href":"https:\/\/api.w.org\/{rel}","templated":true}]}}