{"id":12605,"date":"2019-07-28T16:13:08","date_gmt":"2019-07-28T14:13:08","guid":{"rendered":"http:\/\/lesmaconsdelacreuse.fr\/annuaire\/?p=12605"},"modified":"2020-02-11T12:14:17","modified_gmt":"2020-02-11T11:14:17","slug":"t_95","status":"publish","type":"post","link":"https:\/\/www.lesmaconsdelacreuse.fr\/annuaires\/lettre-t\/t_95\/","title":{"rendered":"TOTY Jean (1835-1901)"},"content":{"rendered":"<p class=\"last-updated\"><strong>Mis \u00e0 jour le :<\/strong> 30\/04\/2026<\/p><h2 style=\"text-align: center;\"><strong>Jean TOTY<\/strong><\/h2>\n<p style=\"text-align: center;\"><strong>1835 \u2013 1901<\/strong><\/p>\n<p style=\"text-align: center;\"><img decoding=\"async\" title=\"\" src=\"https:\/\/lesmaconsdelacreuse.fr\/annuaire\/wp-content\/uploads\/2019\/07\/image1-3040.jpg\" alt=\"\" data-asset-id=\"12604\" data-source-id=\"i.0\" \/><\/p>\n<h4 style=\"text-align: center;\"><span style=\"color: #008000;\"><strong>ma\u00e7on <\/strong>et<strong> cultivateur<\/strong><\/span><\/h4>\n<p style=\"text-align: center;\">n\u00e9 \u00e0 Beaubier (Roy\u00e8re)<\/p>\n<p style=\"text-align: center;\">le 15 septembre 1835<\/p>\n<p style=\"text-align: center;\">fils de<\/p>\n<p style=\"text-align: center;\">Jean TOTY, <span style=\"color: #008000;\"><strong>ma\u00e7on <\/strong><\/span><strong>\/ <\/strong>L\u00e9onarde NOTTE<\/p>\n<p style=\"text-align: center;\">propri\u00e9taires cultivateurs<\/p>\n<p style=\"text-align: center;\"><span style=\"color: #ffffff;\">\u25d9<\/span><\/p>\n<p><strong>En 1856<\/strong><em>, Jean se pr\u00e9sente devant le conseil de r\u00e9vision avec une plaie ancienne \u00e0 la jambe gauche.<\/em><\/p>\n<p><em>Il \u00e9pouse Magdeleine <\/em><strong>ROUSSEAU<\/strong><em>, ouvri\u00e8re en chapellerie,<\/em><strong>\u00a0<\/strong><em>le 4 f\u00e9vrier <\/em><strong>1867<\/strong><em> \u00e0<\/em> <em>Bourganeuf (mari\u00e9s sans contrat).<\/em><\/p>\n<p><strong>En 1873<\/strong><em>, le couple habite <\/em><span style=\"color: #0000ff;\"><strong>Lyon (69)<\/strong><\/span><em> 17, rue Saint-Marcel, 1er arrondissement; <\/em><\/p>\n<p><strong>en 1874<\/strong><em>, rue des Charmettes, maison Vollin, 6e arrondissement\u00a0;<\/em><\/p>\n<p><strong>en 1875<\/strong><em>, 239, cours Lafayette.<\/em><\/p>\n<p><em>Le 21 mai de la m\u00eame ann\u00e9e, Madeleine d\u00e9c\u00e8de \u00e0 Lyon 2e, \u00e0 \u25ba<a target=\"_blank\"href=\"https:\/\/www.lesmaconsdelacreuse.fr\/annuaires\/\/wp-content\/uploads\/PHOTOS_-_CARTES_POSTALES\/LYON_-_Hopital_de_lHotel-Dieu.jpg\">l\u2019H\u00f4tel-Dieu<\/a>, \u00e2g\u00e9e de 31 ans.<\/em><\/p>\n<p><em>Le 21 d\u00e9cembre <\/em><strong>1878<\/strong><em>, Jean se remarie \u00e0 Lyon 3e avec Marie-Anne <\/em><strong>BAUDY<\/strong><em>, veuve, domestique n\u00e9e \u00e0 Haute-Faye, commune de Roy\u00e8re, (mari\u00e9s sans contrat).<\/em><\/p>\n<p><strong>En 1888<\/strong><em>, ils sont encore \u00e0 Lyon.<\/em><\/p>\n<p><em>Ils d\u00e9c\u00e8dent\u00a0:<\/em><\/p>\n<ul>\n<li><em>Jean, \u00e0 Haute-Faye, commune de Roy\u00e8re, le 11 mai <\/em><strong>1901<\/strong><em>, \u00e2g\u00e9 de 65 ans<\/em><\/li>\n<li><em>Marie-Anne, \u00e0 l\u2019h\u00f4pital de Lyon<\/em> 2e<em> , le 18 mai <\/em><strong>1932<\/strong><em>, \u00e2g\u00e9e de 85 ans<\/em><\/li>\n<\/ul>\n","protected":false},"excerpt":{"rendered":"<p>Mis \u00e0 jour le : 30\/04\/2026Jean TOTY 1835 \u2013 1901 ma\u00e7on et cultivateur n\u00e9 \u00e0 Beaubier (Roy\u00e8re) le 15 septembre 1835 fils de Jean TOTY, ma\u00e7on \/ L\u00e9onarde NOTTE propri\u00e9taires cultivateurs \u25d9 En 1856, Jean se pr\u00e9sente devant le conseil de r\u00e9vision avec une plaie ancienne \u00e0 la jambe gauche. Il \u00e9pouse Magdeleine ROUSSEAU, ouvri\u00e8re ..<\/p>\n<div class=\"clear-fix\"><\/div>\n<p><a href=\"https:\/\/www.lesmaconsdelacreuse.fr\/annuaires\/lettre-t\/t_95\/\" title=\"Lire la suite...\">Lire la suite<\/a><\/p>\n","protected":false},"author":2,"featured_media":0,"comment_status":"closed","ping_status":"closed","sticky":false,"template":"","format":"standard","meta":{"_acf_changed":false,"_exactmetrics_skip_tracking":false,"_exactmetrics_sitenote_active":false,"_exactmetrics_sitenote_note":"","_exactmetrics_sitenote_category":0,"footnotes":""},"categories":[13],"tags":[],"class_list":["post-12605","post","type-post","status-publish","format-standard","hentry","category-lettre-t"],"acf":[],"_links":{"self":[{"href":"https:\/\/www.lesmaconsdelacreuse.fr\/annuaires\/wp-json\/wp\/v2\/posts\/12605","targetHints":{"allow":["GET"]}}],"collection":[{"href":"https:\/\/www.lesmaconsdelacreuse.fr\/annuaires\/wp-json\/wp\/v2\/posts"}],"about":[{"href":"https:\/\/www.lesmaconsdelacreuse.fr\/annuaires\/wp-json\/wp\/v2\/types\/post"}],"author":[{"embeddable":true,"href":"https:\/\/www.lesmaconsdelacreuse.fr\/annuaires\/wp-json\/wp\/v2\/users\/2"}],"replies":[{"embeddable":true,"href":"https:\/\/www.lesmaconsdelacreuse.fr\/annuaires\/wp-json\/wp\/v2\/comments?post=12605"}],"version-history":[{"count":0,"href":"https:\/\/www.lesmaconsdelacreuse.fr\/annuaires\/wp-json\/wp\/v2\/posts\/12605\/revisions"}],"wp:attachment":[{"href":"https:\/\/www.lesmaconsdelacreuse.fr\/annuaires\/wp-json\/wp\/v2\/media?parent=12605"}],"wp:term":[{"taxonomy":"category","embeddable":true,"href":"https:\/\/www.lesmaconsdelacreuse.fr\/annuaires\/wp-json\/wp\/v2\/categories?post=12605"},{"taxonomy":"post_tag","embeddable":true,"href":"https:\/\/www.lesmaconsdelacreuse.fr\/annuaires\/wp-json\/wp\/v2\/tags?post=12605"}],"curies":[{"name":"wp","href":"https:\/\/api.w.org\/{rel}","templated":true}]}}