{"id":12612,"date":"2019-07-28T16:13:07","date_gmt":"2019-07-28T14:13:07","guid":{"rendered":"http:\/\/lesmaconsdelacreuse.fr\/annuaire\/?p=12612"},"modified":"2020-01-20T11:24:07","modified_gmt":"2020-01-20T10:24:07","slug":"t_116","status":"publish","type":"post","link":"https:\/\/www.lesmaconsdelacreuse.fr\/annuaires\/lettre-t\/t_116\/","title":{"rendered":"TOTY L\u00e9onard (1866-1935)"},"content":{"rendered":"<p class=\"last-updated\"><strong>Mis \u00e0 jour le :<\/strong> 30\/04\/2026<\/p><h2 style=\"text-align: center;\"><strong>L\u00e9onard TOTY<\/strong><\/h2>\n<p style=\"text-align: center;\"><strong>1866 \u2013 1935<\/strong><\/p>\n<p style=\"text-align: center;\"><img decoding=\"async\" title=\"\" src=\"https:\/\/lesmaconsdelacreuse.fr\/annuaire\/wp-content\/uploads\/2019\/07\/image1-3042.jpg\" alt=\"\" data-asset-id=\"12611\" data-source-id=\"i.0\" \/><\/p>\n<h4 style=\"text-align: center;\"><span style=\"color: #008000;\"><strong>ma\u00e7on<\/strong><\/span><\/h4>\n<p style=\"text-align: center;\">n\u00e9 \u00e0 Pimp\u00e9rigeas (Valli\u00e8re)<\/p>\n<p style=\"text-align: center;\">le 23 ao\u00fbt 1866<\/p>\n<p style=\"text-align: center;\">fils de<\/p>\n<p style=\"text-align: center;\">Fran\u00e7ois TAUTY \/ Marie GUYOT<\/p>\n<p style=\"text-align: center;\">propri\u00e9taires cultivateurs<\/p>\n<p style=\"text-align: center;\"><span style=\"color: #ffffff;\">\u25d9<\/span><\/p>\n<p><strong>En 1886<\/strong><em>, L\u00e9onard habite Haute-Besse, commune du Monteil-au-Vicomte, avec sa m\u00e8re.<\/em><\/p>\n<p><strong>En 1891<\/strong><em>, il travaille \u00e0 <\/em><span style=\"color: #0000ff;\"><strong>Paris (75)<\/strong><\/span><em> et loge 56, rue de la Montagne;<\/em><\/p>\n<p><strong>en 1892<\/strong><em>, 45, rue Tocqueville. <\/em><\/p>\n<p><em> Il \u00e9pouse Marie <\/em><strong>TARNAUD<\/strong><em> le 23 f\u00e9vrier <\/em><strong>1893<\/strong><em> \u00e0 Saint-Yriex-la-Montagne (contrat Dumont \u00e0 Valli\u00e8re). Ils habitent Haute-Besse. <\/em><\/p>\n<p><em>L\u00e9onard continue \u00e0 travailler \u00e0 Paris et loge d&rsquo;abord <\/em><em>\u00a030, rue des Carmes ;<\/em><\/p>\n<p><strong>en 1896<\/strong><em>, au 65, rue Cuvier\u00a0;<\/em><\/p>\n<p><strong>en 1897<\/strong><em>, 311, rue de Vend\u00f4me. <\/em><\/p>\n<p><strong>En 1898<\/strong><em>, il est \u00e0 <\/em><span style=\"color: #0000ff;\"><strong>Villeurbanne (69)<\/strong><\/span><em>, 25, chemin de la Viabert. <\/em><\/p>\n<p><strong>En 1909<\/strong><em>, il est condamn\u00e9 par le tribunal correctionnel de la <\/em><span style=\"color: #0000ff;\"><strong>Seine<\/strong><\/span><em> \u00e0 50 francs d\u2019amende pour outrage \u00e0 agents.<\/em><\/p>\n<p><strong>En 1935<\/strong><em>, il habite <\/em><span style=\"color: #0000ff;\"><strong>Paris (75)<\/strong><\/span><em>, 146, rue du Ch\u00e2teau, 14e arrondissement.<\/em><\/p>\n<p><em>Le 13 mars de la m\u00eame ann\u00e9e, il d\u00e9c\u00e8de \u00e0 cette adresse, \u00e2g\u00e9 de 68 ans.<\/em><\/p>\n","protected":false},"excerpt":{"rendered":"<p>Mis \u00e0 jour le : 30\/04\/2026L\u00e9onard TOTY 1866 \u2013 1935 ma\u00e7on n\u00e9 \u00e0 Pimp\u00e9rigeas (Valli\u00e8re) le 23 ao\u00fbt 1866 fils de Fran\u00e7ois TAUTY \/ Marie GUYOT propri\u00e9taires cultivateurs \u25d9 En 1886, L\u00e9onard habite Haute-Besse, commune du Monteil-au-Vicomte, avec sa m\u00e8re. En 1891, il travaille \u00e0 Paris (75) et loge 56, rue de la Montagne; en ..<\/p>\n<div class=\"clear-fix\"><\/div>\n<p><a href=\"https:\/\/www.lesmaconsdelacreuse.fr\/annuaires\/lettre-t\/t_116\/\" title=\"Lire la suite...\">Lire la suite<\/a><\/p>\n","protected":false},"author":2,"featured_media":0,"comment_status":"closed","ping_status":"closed","sticky":false,"template":"","format":"standard","meta":{"_acf_changed":false,"_exactmetrics_skip_tracking":false,"_exactmetrics_sitenote_active":false,"_exactmetrics_sitenote_note":"","_exactmetrics_sitenote_category":0,"footnotes":""},"categories":[13],"tags":[],"class_list":["post-12612","post","type-post","status-publish","format-standard","hentry","category-lettre-t"],"acf":[],"_links":{"self":[{"href":"https:\/\/www.lesmaconsdelacreuse.fr\/annuaires\/wp-json\/wp\/v2\/posts\/12612","targetHints":{"allow":["GET"]}}],"collection":[{"href":"https:\/\/www.lesmaconsdelacreuse.fr\/annuaires\/wp-json\/wp\/v2\/posts"}],"about":[{"href":"https:\/\/www.lesmaconsdelacreuse.fr\/annuaires\/wp-json\/wp\/v2\/types\/post"}],"author":[{"embeddable":true,"href":"https:\/\/www.lesmaconsdelacreuse.fr\/annuaires\/wp-json\/wp\/v2\/users\/2"}],"replies":[{"embeddable":true,"href":"https:\/\/www.lesmaconsdelacreuse.fr\/annuaires\/wp-json\/wp\/v2\/comments?post=12612"}],"version-history":[{"count":0,"href":"https:\/\/www.lesmaconsdelacreuse.fr\/annuaires\/wp-json\/wp\/v2\/posts\/12612\/revisions"}],"wp:attachment":[{"href":"https:\/\/www.lesmaconsdelacreuse.fr\/annuaires\/wp-json\/wp\/v2\/media?parent=12612"}],"wp:term":[{"taxonomy":"category","embeddable":true,"href":"https:\/\/www.lesmaconsdelacreuse.fr\/annuaires\/wp-json\/wp\/v2\/categories?post=12612"},{"taxonomy":"post_tag","embeddable":true,"href":"https:\/\/www.lesmaconsdelacreuse.fr\/annuaires\/wp-json\/wp\/v2\/tags?post=12612"}],"curies":[{"name":"wp","href":"https:\/\/api.w.org\/{rel}","templated":true}]}}