{"id":12622,"date":"2019-07-28T16:13:06","date_gmt":"2019-07-28T14:13:06","guid":{"rendered":"http:\/\/lesmaconsdelacreuse.fr\/annuaire\/?p=12622"},"modified":"2020-10-02T16:57:32","modified_gmt":"2020-10-02T14:57:32","slug":"t_114","status":"publish","type":"post","link":"https:\/\/www.lesmaconsdelacreuse.fr\/annuaires\/lettre-t\/t_114\/","title":{"rendered":"TAUTY L\u00e9onard (1852-1919)"},"content":{"rendered":"<p class=\"last-updated\"><strong>Mis \u00e0 jour le :<\/strong> 30\/04\/2026<\/p><h2 style=\"text-align: center;\"><strong>L\u00e9onard TAUTY<\/strong><\/h2>\n<p style=\"text-align: center;\"><strong>L\u00e9onard TOTY &#8211; <\/strong><strong>L\u00e9onard TAUTY \u2013 Jean L\u00e9onard TAUTY<\/strong><\/p>\n<p style=\"text-align: center;\"><strong>1852 \u2013 1919<\/strong><\/p>\n<p style=\"text-align: center;\"><img loading=\"lazy\" decoding=\"async\" class=\"\" title=\"\" src=\"https:\/\/lesmaconsdelacreuse.fr\/annuaire\/wp-content\/uploads\/2019\/07\/image1-3047.jpg\" alt=\"\" width=\"351\" height=\"121\" data-asset-id=\"12621\" data-source-id=\"i.0\" \/><\/p>\n<h4 style=\"text-align: center;\"><span style=\"color: #008000;\"><strong>ma\u00e7on <\/strong>et <em><strong>\u25ba<a href=\"https:\/\/www.lesmaconsdelacreuse.fr\/annuaires\/wp-content\/uploads\/2020\/08\/LOGEUR-LOGEUSE.png\"><span style=\"color: #008000;\">logeur<\/span><\/a><\/strong><\/em>; <strong>cultivateur<\/strong><\/span><\/h4>\n<p>&nbsp;<\/p>\n<p style=\"text-align: center;\">n\u00e9 \u00e0 Haute-Besse (Le Monteil-au-Vicomte)<\/p>\n<p style=\"text-align: center;\">le 2 ao\u00fbt 1852<\/p>\n<p style=\"text-align: center;\">fils de<\/p>\n<p style=\"text-align: center;\">Fran\u00e7ois TAUTY, <span style=\"color: #008000;\"><strong>ma\u00e7on<\/strong><\/span> et tailleur d\u2019habits<\/p>\n<p style=\"text-align: center;\">Marguerite CHARPENTIER<\/p>\n<p style=\"text-align: center;\">cultivateurs<\/p>\n<p style=\"text-align: center;\"><span style=\"color: #ffffff;\">\u25d9<\/span><\/p>\n<p><strong>En 1873<\/strong><em>, lors du conseil de r\u00e9vision, L\u00e9onard est dispens\u00e9 de service actif et vers\u00e9 dans les services auxiliaires, pour opacit\u00e9 partielle des deux corn\u00e9es.<\/em><\/p>\n<p><em>A une \u00e9poque, il travaille \u00e0 <\/em><strong><span style=\"color: #0000ff;\">Lyon (69<\/span>)<\/strong><em>, habitant rue d\u2019Austerlitz.<\/em><\/p>\n<p><em>Il \u00e9pouse H\u00e9l\u00e8ne <\/em><strong>RIOUBLANC<\/strong><em>, tisserande, le 4 mars <\/em><strong>1878<\/strong> <em>\u00e0 Saint-Yriex-la-Montagne (mari\u00e9s sans contrat). Il ne sait pas encore signer. Les \u00e9poux habitent d\u2019abord Haute-Besse.<\/em><\/p>\n<p><strong>De 1883 \u00e0 1889<\/strong><em>, on les trouve, \u00e0 Lyon, 47, rue Denfert-Rochereau, 4e arrondissement\u00a0; L\u00e9onard y est <\/em><span style=\"color: #008000;\"><strong>logeur<\/strong><\/span><em>. <\/em><\/p>\n<p><strong>En 1891<\/strong><em>, leur fils Adrien nait au Monteil.<\/em><\/p>\n<p><em>L\u00e9onard d\u00e9c\u00e8de \u00e0 Haute-Besse le 19 mars <\/em><strong>1919<\/strong><em>, \u00e2g\u00e9 de 66 ans. <\/em><\/p>\n<p>&nbsp;<\/p>\n","protected":false},"excerpt":{"rendered":"<p>Mis \u00e0 jour le : 30\/04\/2026L\u00e9onard TAUTY L\u00e9onard TOTY &#8211; L\u00e9onard TAUTY \u2013 Jean L\u00e9onard TAUTY 1852 \u2013 1919 ma\u00e7on et \u25balogeur; cultivateur &nbsp; n\u00e9 \u00e0 Haute-Besse (Le Monteil-au-Vicomte) le 2 ao\u00fbt 1852 fils de Fran\u00e7ois TAUTY, ma\u00e7on et tailleur d\u2019habits Marguerite CHARPENTIER cultivateurs \u25d9 En 1873, lors du conseil de r\u00e9vision, L\u00e9onard est dispens\u00e9 ..<\/p>\n<div class=\"clear-fix\"><\/div>\n<p><a href=\"https:\/\/www.lesmaconsdelacreuse.fr\/annuaires\/lettre-t\/t_114\/\" title=\"Lire la suite...\">Lire la suite<\/a><\/p>\n","protected":false},"author":2,"featured_media":0,"comment_status":"closed","ping_status":"closed","sticky":false,"template":"","format":"standard","meta":{"_acf_changed":false,"_exactmetrics_skip_tracking":false,"_exactmetrics_sitenote_active":false,"_exactmetrics_sitenote_note":"","_exactmetrics_sitenote_category":0,"footnotes":""},"categories":[13],"tags":[],"class_list":["post-12622","post","type-post","status-publish","format-standard","hentry","category-lettre-t"],"acf":[],"_links":{"self":[{"href":"https:\/\/www.lesmaconsdelacreuse.fr\/annuaires\/wp-json\/wp\/v2\/posts\/12622","targetHints":{"allow":["GET"]}}],"collection":[{"href":"https:\/\/www.lesmaconsdelacreuse.fr\/annuaires\/wp-json\/wp\/v2\/posts"}],"about":[{"href":"https:\/\/www.lesmaconsdelacreuse.fr\/annuaires\/wp-json\/wp\/v2\/types\/post"}],"author":[{"embeddable":true,"href":"https:\/\/www.lesmaconsdelacreuse.fr\/annuaires\/wp-json\/wp\/v2\/users\/2"}],"replies":[{"embeddable":true,"href":"https:\/\/www.lesmaconsdelacreuse.fr\/annuaires\/wp-json\/wp\/v2\/comments?post=12622"}],"version-history":[{"count":0,"href":"https:\/\/www.lesmaconsdelacreuse.fr\/annuaires\/wp-json\/wp\/v2\/posts\/12622\/revisions"}],"wp:attachment":[{"href":"https:\/\/www.lesmaconsdelacreuse.fr\/annuaires\/wp-json\/wp\/v2\/media?parent=12622"}],"wp:term":[{"taxonomy":"category","embeddable":true,"href":"https:\/\/www.lesmaconsdelacreuse.fr\/annuaires\/wp-json\/wp\/v2\/categories?post=12622"},{"taxonomy":"post_tag","embeddable":true,"href":"https:\/\/www.lesmaconsdelacreuse.fr\/annuaires\/wp-json\/wp\/v2\/tags?post=12622"}],"curies":[{"name":"wp","href":"https:\/\/api.w.org\/{rel}","templated":true}]}}