{"id":12624,"date":"2019-07-28T16:13:06","date_gmt":"2019-07-28T14:13:06","guid":{"rendered":"http:\/\/lesmaconsdelacreuse.fr\/annuaire\/?p=12624"},"modified":"2020-01-20T11:24:07","modified_gmt":"2020-01-20T10:24:07","slug":"t_83","status":"publish","type":"post","link":"https:\/\/www.lesmaconsdelacreuse.fr\/annuaires\/lettre-t\/t_83\/","title":{"rendered":"TOTY Jean (1796-apr\u00e8s 1845)"},"content":{"rendered":"<p class=\"last-updated\"><strong>Mis \u00e0 jour le :<\/strong> 30\/04\/2026<\/p><h2 style=\"text-align: center;\"><strong>Jean TOTY<\/strong><\/h2>\n<p style=\"text-align: center;\"><strong>1796 \u2013 apr\u00e8s 1845<\/strong><\/p>\n<p style=\"text-align: center;\"><img decoding=\"async\" title=\"\" src=\"https:\/\/lesmaconsdelacreuse.fr\/annuaire\/wp-content\/uploads\/2019\/07\/image1-3048.jpg\" alt=\"\" data-asset-id=\"12623\" data-source-id=\"i.0\" \/><\/p>\n<h4 style=\"text-align: center;\"><span style=\"color: #008000;\"><strong>ma\u00e7on <\/strong>et<strong> cultivateur<\/strong><\/span><\/h4>\n<p style=\"text-align: center;\">n\u00e9 \u00e0 Vincent (Roy\u00e8re)<\/p>\n<p style=\"text-align: center;\">le 10 germinal an IV (30 mars 1796)<\/p>\n<p style=\"text-align: center;\">fils de<\/p>\n<p style=\"text-align: center;\">L\u00e9onard TOTY \/ Th\u00e9r\u00e8se CHABROUTY<\/p>\n<p style=\"text-align: center;\">laboureurs<\/p>\n<p style=\"text-align: center;\"><span style=\"color: #ffffff;\">\u25d9<\/span><\/p>\n<p><em>Jean \u00e9pouse <\/em>Philippe <strong>LEBAYLE<\/strong><em> le 10 mars <\/em><strong>1817<\/strong><em> \u00e0 Saint-Martin-Ch\u00e2teau (contrat Coutisson \u00e0 Roy\u00e8re). <\/em><\/p>\n<p><em>Le couple habite Le Picq, commune de Morterolles. <\/em><\/p>\n<p><strong>En 1845<\/strong><em>, Jean est \u00e0 Breuilhatour, commune de <\/em><span style=\"color: #0000ff;\"><strong>Coussac-Bonneval (87)<\/strong><\/span><em>. <\/em><\/p>\n","protected":false},"excerpt":{"rendered":"<p>Mis \u00e0 jour le : 30\/04\/2026Jean TOTY 1796 \u2013 apr\u00e8s 1845 ma\u00e7on et cultivateur n\u00e9 \u00e0 Vincent (Roy\u00e8re) le 10 germinal an IV (30 mars 1796) fils de L\u00e9onard TOTY \/ Th\u00e9r\u00e8se CHABROUTY laboureurs \u25d9 Jean \u00e9pouse Philippe LEBAYLE le 10 mars 1817 \u00e0 Saint-Martin-Ch\u00e2teau (contrat Coutisson \u00e0 Roy\u00e8re). Le couple habite Le Picq, commune ..<\/p>\n<div class=\"clear-fix\"><\/div>\n<p><a href=\"https:\/\/www.lesmaconsdelacreuse.fr\/annuaires\/lettre-t\/t_83\/\" title=\"Lire la suite...\">Lire la suite<\/a><\/p>\n","protected":false},"author":2,"featured_media":0,"comment_status":"closed","ping_status":"closed","sticky":false,"template":"","format":"standard","meta":{"_acf_changed":false,"_exactmetrics_skip_tracking":false,"_exactmetrics_sitenote_active":false,"_exactmetrics_sitenote_note":"","_exactmetrics_sitenote_category":0,"footnotes":""},"categories":[13],"tags":[],"class_list":["post-12624","post","type-post","status-publish","format-standard","hentry","category-lettre-t"],"acf":[],"_links":{"self":[{"href":"https:\/\/www.lesmaconsdelacreuse.fr\/annuaires\/wp-json\/wp\/v2\/posts\/12624","targetHints":{"allow":["GET"]}}],"collection":[{"href":"https:\/\/www.lesmaconsdelacreuse.fr\/annuaires\/wp-json\/wp\/v2\/posts"}],"about":[{"href":"https:\/\/www.lesmaconsdelacreuse.fr\/annuaires\/wp-json\/wp\/v2\/types\/post"}],"author":[{"embeddable":true,"href":"https:\/\/www.lesmaconsdelacreuse.fr\/annuaires\/wp-json\/wp\/v2\/users\/2"}],"replies":[{"embeddable":true,"href":"https:\/\/www.lesmaconsdelacreuse.fr\/annuaires\/wp-json\/wp\/v2\/comments?post=12624"}],"version-history":[{"count":0,"href":"https:\/\/www.lesmaconsdelacreuse.fr\/annuaires\/wp-json\/wp\/v2\/posts\/12624\/revisions"}],"wp:attachment":[{"href":"https:\/\/www.lesmaconsdelacreuse.fr\/annuaires\/wp-json\/wp\/v2\/media?parent=12624"}],"wp:term":[{"taxonomy":"category","embeddable":true,"href":"https:\/\/www.lesmaconsdelacreuse.fr\/annuaires\/wp-json\/wp\/v2\/categories?post=12624"},{"taxonomy":"post_tag","embeddable":true,"href":"https:\/\/www.lesmaconsdelacreuse.fr\/annuaires\/wp-json\/wp\/v2\/tags?post=12624"}],"curies":[{"name":"wp","href":"https:\/\/api.w.org\/{rel}","templated":true}]}}