{"id":12629,"date":"2019-07-28T16:13:05","date_gmt":"2019-07-28T14:13:05","guid":{"rendered":"http:\/\/lesmaconsdelacreuse.fr\/annuaire\/?p=12629"},"modified":"2020-10-05T14:34:45","modified_gmt":"2020-10-05T12:34:45","slug":"t_75","status":"publish","type":"post","link":"https:\/\/www.lesmaconsdelacreuse.fr\/annuaires\/lettre-t\/t_75\/","title":{"rendered":"TAUTY Fran\u00e7ois (1828-1899)"},"content":{"rendered":"<p class=\"last-updated\"><strong>Mis \u00e0 jour le :<\/strong> 30\/04\/2026<\/p><h2 style=\"text-align: center;\"><strong>Fran\u00e7ois TAUTY<\/strong><\/h2>\n<p style=\"text-align: center;\"><strong>1828 \u2013 1899<\/strong><\/p>\n<p style=\"text-align: center;\"><img decoding=\"async\" title=\"\" src=\"https:\/\/lesmaconsdelacreuse.fr\/annuaire\/wp-content\/uploads\/2019\/07\/image1-3050.jpg\" alt=\"\" data-asset-id=\"12628\" data-source-id=\"i.0\" \/><\/p>\n<h4 style=\"text-align: center;\"><span style=\"color: #008000;\"><strong>ma\u00e7on<\/strong>;\u00a0<strong><a href=\"https:\/\/www.lesmaconsdelacreuse.fr\/annuaires\/wp-content\/uploads\/2020\/07\/TAILLEUR-DE-PIERRE.png\">\u25ba <span style=\"color: #008000;\">tailleur de pierre<\/span><\/a> <\/strong>et <strong>pl\u00e2trier<\/strong>; <strong>cultivateur<\/strong><\/span><\/h4>\n<p>&nbsp;<\/p>\n<p style=\"text-align: center;\">n\u00e9 \u00e0 Rochas (Roy\u00e8re),<\/p>\n<p style=\"text-align: center;\">le 23 avril 1828<\/p>\n<p style=\"text-align: center;\">fils de<\/p>\n<p style=\"text-align: center;\">L\u00e9onard TAUTY \/ Marie TOUNY<\/p>\n<p style=\"text-align: center;\">propri\u00e9taires cultivateurs<\/p>\n<p style=\"text-align: center;\"><span style=\"color: #ffffff;\">\u25d9<\/span><\/p>\n<p><strong>En 1850<\/strong><em>, Fran\u00e7ois travaille \u00e0 <\/em><span style=\"color: #0000ff;\"><strong>Vaux (16)<\/strong><\/span><em>. <\/em><\/p>\n<p><em>Fran\u00e7ois \u00e9pouse Marie <\/em><strong>TAUTY<\/strong><em> \u00e0 Roy\u00e8re le 19 f\u00e9vrier <\/em><strong>1855<\/strong><em> (contrat Toumieux). Il ne sait pas encore signer. Le couple vit d\u2019abord \u00e0 Roy\u00e8re. <\/em><\/p>\n<p><em>Les \u00e9poux d\u00e9c\u00e8dent \u00e0 Arpeix, commune de Roy\u00e8re\u00a0:<\/em><\/p>\n<ul>\n<li><em>Fran\u00e7ois, le 16 d\u00e9cembre <\/em><strong>1899<\/strong><em>, \u00e2g\u00e9 de 71 ans<\/em><\/li>\n<li><em>Marie, le 5 mai <\/em><strong>1900<\/strong>,<em> \u00e2g\u00e9e de 65 ans<\/em><\/li>\n<\/ul>\n<p>&nbsp;<\/p>\n","protected":false},"excerpt":{"rendered":"<p>Mis \u00e0 jour le : 30\/04\/2026Fran\u00e7ois TAUTY 1828 \u2013 1899 ma\u00e7on;\u00a0\u25ba tailleur de pierre et pl\u00e2trier; cultivateur &nbsp; n\u00e9 \u00e0 Rochas (Roy\u00e8re), le 23 avril 1828 fils de L\u00e9onard TAUTY \/ Marie TOUNY propri\u00e9taires cultivateurs \u25d9 En 1850, Fran\u00e7ois travaille \u00e0 Vaux (16). Fran\u00e7ois \u00e9pouse Marie TAUTY \u00e0 Roy\u00e8re le 19 f\u00e9vrier 1855 (contrat Toumieux). ..<\/p>\n<div class=\"clear-fix\"><\/div>\n<p><a href=\"https:\/\/www.lesmaconsdelacreuse.fr\/annuaires\/lettre-t\/t_75\/\" title=\"Lire la suite...\">Lire la suite<\/a><\/p>\n","protected":false},"author":2,"featured_media":0,"comment_status":"closed","ping_status":"closed","sticky":false,"template":"","format":"standard","meta":{"_acf_changed":false,"_exactmetrics_skip_tracking":false,"_exactmetrics_sitenote_active":false,"_exactmetrics_sitenote_note":"","_exactmetrics_sitenote_category":0,"footnotes":""},"categories":[13],"tags":[],"class_list":["post-12629","post","type-post","status-publish","format-standard","hentry","category-lettre-t"],"acf":[],"_links":{"self":[{"href":"https:\/\/www.lesmaconsdelacreuse.fr\/annuaires\/wp-json\/wp\/v2\/posts\/12629","targetHints":{"allow":["GET"]}}],"collection":[{"href":"https:\/\/www.lesmaconsdelacreuse.fr\/annuaires\/wp-json\/wp\/v2\/posts"}],"about":[{"href":"https:\/\/www.lesmaconsdelacreuse.fr\/annuaires\/wp-json\/wp\/v2\/types\/post"}],"author":[{"embeddable":true,"href":"https:\/\/www.lesmaconsdelacreuse.fr\/annuaires\/wp-json\/wp\/v2\/users\/2"}],"replies":[{"embeddable":true,"href":"https:\/\/www.lesmaconsdelacreuse.fr\/annuaires\/wp-json\/wp\/v2\/comments?post=12629"}],"version-history":[{"count":0,"href":"https:\/\/www.lesmaconsdelacreuse.fr\/annuaires\/wp-json\/wp\/v2\/posts\/12629\/revisions"}],"wp:attachment":[{"href":"https:\/\/www.lesmaconsdelacreuse.fr\/annuaires\/wp-json\/wp\/v2\/media?parent=12629"}],"wp:term":[{"taxonomy":"category","embeddable":true,"href":"https:\/\/www.lesmaconsdelacreuse.fr\/annuaires\/wp-json\/wp\/v2\/categories?post=12629"},{"taxonomy":"post_tag","embeddable":true,"href":"https:\/\/www.lesmaconsdelacreuse.fr\/annuaires\/wp-json\/wp\/v2\/tags?post=12629"}],"curies":[{"name":"wp","href":"https:\/\/api.w.org\/{rel}","templated":true}]}}