{"id":12641,"date":"2019-07-28T16:13:05","date_gmt":"2019-07-28T14:13:05","guid":{"rendered":"http:\/\/lesmaconsdelacreuse.fr\/annuaire\/?p=12641"},"modified":"2022-12-13T14:39:16","modified_gmt":"2022-12-13T13:39:16","slug":"t_61","status":"publish","type":"post","link":"https:\/\/www.lesmaconsdelacreuse.fr\/annuaires\/lettre-t\/t_61\/","title":{"rendered":"TAUTY Antoine (vers 1642-entre 1684 et 1687)"},"content":{"rendered":"<p class=\"last-updated\"><strong>Mis \u00e0 jour le :<\/strong> 30\/04\/2026<\/p><h2 style=\"text-align: center;\"><strong>Antoine TAUTY<\/strong><\/h2>\n<p style=\"text-align: center;\"><strong>vers 1642 \u2013 entre 1684 et 1687<\/strong><\/p>\n<p style=\"text-align: center;\"><img decoding=\"async\" title=\"\" src=\"https:\/\/lesmaconsdelacreuse.fr\/annuaire\/wp-content\/uploads\/2019\/07\/image1-3056.jpg\" alt=\"\" data-asset-id=\"12640\" data-source-id=\"i.0\" \/><\/p>\n<h4 style=\"text-align: center;\"><span style=\"color: #008000;\"><strong>ma\u00e7on<\/strong><\/span><\/h4>\n<p style=\"text-align: center;\">n\u00e9 \u00e0 Roy\u00e8re\u00a0?<\/p>\n<p style=\"text-align: center;\">vers 1642<\/p>\n<p style=\"text-align: center;\"><span style=\"color: #ffffff;\">\u25d9<\/span><\/p>\n<p><strong>Avant 1671<\/strong><em>, Antoine \u00e9pouse L\u00e9onarde <\/em><strong>BOUGET<\/strong> <em>. Ils habitent le village du Feix, paroisse de Roy\u00e8re.<\/em><\/p>\n<p><em>L\u00e9onarde y d\u00e9c\u00e8de le 13 avril <\/em><strong>1682<\/strong><em>, \u00e2g\u00e9e d\u2019environ 40 ans. <\/em><\/p>\n<p><em>Antoine se remarie le 15 janvier <\/em><strong>1684<\/strong> <em>\u00e0 Roy\u00e8re avec Jeanne <\/em><strong>COUTURIER<\/strong><em>.<\/em><\/p>\n<p>S17<\/p>\n","protected":false},"excerpt":{"rendered":"<p>Mis \u00e0 jour le : 30\/04\/2026Antoine TAUTY vers 1642 \u2013 entre 1684 et 1687 ma\u00e7on n\u00e9 \u00e0 Roy\u00e8re\u00a0? vers 1642 \u25d9 Avant 1671, Antoine \u00e9pouse L\u00e9onarde BOUGET . Ils habitent le village du Feix, paroisse de Roy\u00e8re. L\u00e9onarde y d\u00e9c\u00e8de le 13 avril 1682, \u00e2g\u00e9e d\u2019environ 40 ans. Antoine se remarie le 15 janvier 1684 ..<\/p>\n<div class=\"clear-fix\"><\/div>\n<p><a href=\"https:\/\/www.lesmaconsdelacreuse.fr\/annuaires\/lettre-t\/t_61\/\" title=\"Lire la suite...\">Lire la suite<\/a><\/p>\n","protected":false},"author":2,"featured_media":0,"comment_status":"closed","ping_status":"closed","sticky":false,"template":"","format":"standard","meta":{"_acf_changed":false,"_exactmetrics_skip_tracking":false,"_exactmetrics_sitenote_active":false,"_exactmetrics_sitenote_note":"","_exactmetrics_sitenote_category":0,"footnotes":""},"categories":[13],"tags":[],"class_list":["post-12641","post","type-post","status-publish","format-standard","hentry","category-lettre-t"],"acf":[],"_links":{"self":[{"href":"https:\/\/www.lesmaconsdelacreuse.fr\/annuaires\/wp-json\/wp\/v2\/posts\/12641","targetHints":{"allow":["GET"]}}],"collection":[{"href":"https:\/\/www.lesmaconsdelacreuse.fr\/annuaires\/wp-json\/wp\/v2\/posts"}],"about":[{"href":"https:\/\/www.lesmaconsdelacreuse.fr\/annuaires\/wp-json\/wp\/v2\/types\/post"}],"author":[{"embeddable":true,"href":"https:\/\/www.lesmaconsdelacreuse.fr\/annuaires\/wp-json\/wp\/v2\/users\/2"}],"replies":[{"embeddable":true,"href":"https:\/\/www.lesmaconsdelacreuse.fr\/annuaires\/wp-json\/wp\/v2\/comments?post=12641"}],"version-history":[{"count":1,"href":"https:\/\/www.lesmaconsdelacreuse.fr\/annuaires\/wp-json\/wp\/v2\/posts\/12641\/revisions"}],"predecessor-version":[{"id":203025,"href":"https:\/\/www.lesmaconsdelacreuse.fr\/annuaires\/wp-json\/wp\/v2\/posts\/12641\/revisions\/203025"}],"wp:attachment":[{"href":"https:\/\/www.lesmaconsdelacreuse.fr\/annuaires\/wp-json\/wp\/v2\/media?parent=12641"}],"wp:term":[{"taxonomy":"category","embeddable":true,"href":"https:\/\/www.lesmaconsdelacreuse.fr\/annuaires\/wp-json\/wp\/v2\/categories?post=12641"},{"taxonomy":"post_tag","embeddable":true,"href":"https:\/\/www.lesmaconsdelacreuse.fr\/annuaires\/wp-json\/wp\/v2\/tags?post=12641"}],"curies":[{"name":"wp","href":"https:\/\/api.w.org\/{rel}","templated":true}]}}