{"id":12644,"date":"2019-07-28T16:13:04","date_gmt":"2019-07-28T14:13:04","guid":{"rendered":"http:\/\/lesmaconsdelacreuse.fr\/annuaire\/?p=12644"},"modified":"2020-01-20T11:24:10","modified_gmt":"2020-01-20T10:24:10","slug":"t_33","status":"publish","type":"post","link":"https:\/\/www.lesmaconsdelacreuse.fr\/annuaires\/lettre-t\/t_33\/","title":{"rendered":"TERRADE Alexandre (1893-1950)"},"content":{"rendered":"<p class=\"last-updated\"><strong>Mis \u00e0 jour le :<\/strong> 30\/04\/2026<\/p><h2 style=\"text-align: center;\"><strong>Alexandre TERRADE<\/strong><\/h2>\n<p style=\"text-align: center;\"><strong>1893 \u2013 1950<\/strong><\/p>\n<p style=\"text-align: center;\"><img decoding=\"async\" title=\"\" src=\"https:\/\/lesmaconsdelacreuse.fr\/annuaire\/wp-content\/uploads\/2019\/07\/image1-3057.jpg\" alt=\"\" data-source-id=\"i.0\" data-asset-id=\"12643\" \/><\/p>\n<h4 style=\"text-align: center;\"><span style=\"color: #008000;\"><strong>ma\u00e7on<\/strong>, puis <strong>employ\u00e9 de l&rsquo;EDF<\/strong><\/span><\/h4>\n<p style=\"text-align: center;\">n\u00e9 \u00e0 La Cour-de-Rozet (Saint-Pardoux-Lavaud)<\/p>\n<p style=\"text-align: center;\">le 28 ao\u00fbt 1893<\/p>\n<p style=\"text-align: center;\">fr\u00e8re jumeau de Th\u00e9ophile<\/p>\n<p style=\"text-align: center;\">fils de<\/p>\n<p style=\"text-align: center;\">Jean TERRADE, <span style=\"color: #008000;\"><strong>ma\u00e7on<\/strong><\/span><\/p>\n<p style=\"text-align: center;\">Jeanne SIMONET, cultivatrice<\/p>\n<p style=\"text-align: center;\"><span style=\"color: #ffffff;\">\u25d9<\/span><\/p>\n<p><strong>En 1914<\/strong><em>, Alexandre, <\/em><span style=\"color: #008000;\"><strong>ma\u00e7on<\/strong><\/span><em>, travaille dans le <\/em><span style=\"color: #0000ff;\"><strong>Rh\u00f4ne<\/strong><\/span><em>, et y passe le conseil de r\u00e9vision.<\/em><\/p>\n<p><strong>En 1920<\/strong><em>, il travaille \u00e0 <\/em><span style=\"color: #0000ff;\"><strong>Lyon (69)<\/strong><\/span><em>, et loge 177, rue Cr\u00e9qui.<\/em><\/p>\n<p><em> Le 7 ao\u00fbt de la m\u00eame ann\u00e9e, il \u00e9pouse Louise <\/em><strong>CHAMPEYMOND<\/strong><em> \u00e0 Lyon 3e (mari\u00e9s sans contrat). <\/em><\/p>\n<p><strong>D\u00e8s 1924<\/strong><em>, ils habitent 132, rue Garibaldi, 6e\u00a0arrondissement\u00a0;<\/em><\/p>\n<p><strong>en 1950<\/strong><em>, m\u00eame adresse, et Alexandre est <\/em><span style=\"color: #008000;\"><strong>retrait\u00e9 de<\/strong> <strong>l\u2019<\/strong><strong>EDF<\/strong><\/span><em>.<\/em><\/p>\n<p><em>Il y d\u00e9c\u00e8de, le 20 d\u00e9cembre de la m\u00eame ann\u00e9e, \u00e2g\u00e9 de 57 ans.<\/em><\/p>\n<p><em>Sa veuve d\u00e9c\u00e8de \u00e0 Villeurbanne, le 29 janvier <\/em>1982<em>, \u00e2g\u00e9e de 85 ans.<\/em><\/p>\n","protected":false},"excerpt":{"rendered":"<p>Mis \u00e0 jour le : 30\/04\/2026Alexandre TERRADE 1893 \u2013 1950 ma\u00e7on, puis employ\u00e9 de l&rsquo;EDF n\u00e9 \u00e0 La Cour-de-Rozet (Saint-Pardoux-Lavaud) le 28 ao\u00fbt 1893 fr\u00e8re jumeau de Th\u00e9ophile fils de Jean TERRADE, ma\u00e7on Jeanne SIMONET, cultivatrice \u25d9 En 1914, Alexandre, ma\u00e7on, travaille dans le Rh\u00f4ne, et y passe le conseil de r\u00e9vision. En 1920, il ..<\/p>\n<div class=\"clear-fix\"><\/div>\n<p><a href=\"https:\/\/www.lesmaconsdelacreuse.fr\/annuaires\/lettre-t\/t_33\/\" title=\"Lire la suite...\">Lire la suite<\/a><\/p>\n","protected":false},"author":2,"featured_media":0,"comment_status":"closed","ping_status":"closed","sticky":false,"template":"","format":"standard","meta":{"_acf_changed":false,"_exactmetrics_skip_tracking":false,"_exactmetrics_sitenote_active":false,"_exactmetrics_sitenote_note":"","_exactmetrics_sitenote_category":0,"footnotes":""},"categories":[13],"tags":[],"class_list":["post-12644","post","type-post","status-publish","format-standard","hentry","category-lettre-t"],"acf":[],"_links":{"self":[{"href":"https:\/\/www.lesmaconsdelacreuse.fr\/annuaires\/wp-json\/wp\/v2\/posts\/12644","targetHints":{"allow":["GET"]}}],"collection":[{"href":"https:\/\/www.lesmaconsdelacreuse.fr\/annuaires\/wp-json\/wp\/v2\/posts"}],"about":[{"href":"https:\/\/www.lesmaconsdelacreuse.fr\/annuaires\/wp-json\/wp\/v2\/types\/post"}],"author":[{"embeddable":true,"href":"https:\/\/www.lesmaconsdelacreuse.fr\/annuaires\/wp-json\/wp\/v2\/users\/2"}],"replies":[{"embeddable":true,"href":"https:\/\/www.lesmaconsdelacreuse.fr\/annuaires\/wp-json\/wp\/v2\/comments?post=12644"}],"version-history":[{"count":0,"href":"https:\/\/www.lesmaconsdelacreuse.fr\/annuaires\/wp-json\/wp\/v2\/posts\/12644\/revisions"}],"wp:attachment":[{"href":"https:\/\/www.lesmaconsdelacreuse.fr\/annuaires\/wp-json\/wp\/v2\/media?parent=12644"}],"wp:term":[{"taxonomy":"category","embeddable":true,"href":"https:\/\/www.lesmaconsdelacreuse.fr\/annuaires\/wp-json\/wp\/v2\/categories?post=12644"},{"taxonomy":"post_tag","embeddable":true,"href":"https:\/\/www.lesmaconsdelacreuse.fr\/annuaires\/wp-json\/wp\/v2\/tags?post=12644"}],"curies":[{"name":"wp","href":"https:\/\/api.w.org\/{rel}","templated":true}]}}