{"id":12646,"date":"2019-07-28T16:13:04","date_gmt":"2019-07-28T14:13:04","guid":{"rendered":"http:\/\/lesmaconsdelacreuse.fr\/annuaire\/?p=12646"},"modified":"2020-01-20T11:24:10","modified_gmt":"2020-01-20T10:24:10","slug":"t_57","status":"publish","type":"post","link":"https:\/\/www.lesmaconsdelacreuse.fr\/annuaires\/lettre-t\/t_57\/","title":{"rendered":"TAUPELET Jacques (vers 1750-1782)"},"content":{"rendered":"<p class=\"last-updated\"><strong>Mis \u00e0 jour le :<\/strong> 30\/04\/2026<\/p><h2 style=\"text-align: center;\"><strong>Jacques TAUPELET<\/strong><\/h2>\n<p style=\"text-align: center;\"><strong>vers 1750 \u2013 1782<\/strong><\/p>\n<p style=\"text-align: center;\"><img decoding=\"async\" title=\"\" src=\"https:\/\/lesmaconsdelacreuse.fr\/annuaire\/wp-content\/uploads\/2019\/07\/image1-3058.jpg\" alt=\"\" data-asset-id=\"12645\" data-source-id=\"i.0\" \/><\/p>\n<h4 style=\"text-align: center;\"><span style=\"color: #008000;\"><strong>ma\u00e7on<\/strong><\/span><\/h4>\n<p style=\"text-align: center;\">n\u00e9 \u00e0 Vichez (Beaumont \u2013 87)\u00a0?<\/p>\n<p style=\"text-align: center;\">vers 1764<\/p>\n<p style=\"text-align: center;\">fils de<\/p>\n<p style=\"text-align: center;\">L\u00e9onard TAUPELET \/ Anne CABLANT<\/p>\n<p style=\"text-align: center;\"><span style=\"color: #ffffff;\">\u25d9<\/span><\/p>\n<p><em>Jacques \u00e9pouse Jeanne <\/em><strong>HUGUET<\/strong><em> le 15 f\u00e9vrier <\/em><strong>1779<\/strong><em> \u00e0 Beaumont. Ils vivent d\u2019abord \u00e0 Vichez.<\/em><\/p>\n<p><em> Jacques d\u00e9c\u00e8de au Massoubrot, paroisse de Saint-Martin-Ch\u00e2teau, le 23 f\u00e9vrier <\/em><strong>1782<\/strong><em>, \u00e2g\u00e9 de 32 ans environ.<\/em><\/p>\n<p><em>Jeanne, remari\u00e9e en 1785 avec L\u00e9onard LELARGE, d\u00e9c\u00e8de \u00e0 La Vergne, m\u00eame commune, le 29 d\u00e9cembre 1824, \u00e2g\u00e9e de 60 ans environ. <\/em><\/p>\n","protected":false},"excerpt":{"rendered":"<p>Mis \u00e0 jour le : 30\/04\/2026Jacques TAUPELET vers 1750 \u2013 1782 ma\u00e7on n\u00e9 \u00e0 Vichez (Beaumont \u2013 87)\u00a0? vers 1764 fils de L\u00e9onard TAUPELET \/ Anne CABLANT \u25d9 Jacques \u00e9pouse Jeanne HUGUET le 15 f\u00e9vrier 1779 \u00e0 Beaumont. Ils vivent d\u2019abord \u00e0 Vichez. Jacques d\u00e9c\u00e8de au Massoubrot, paroisse de Saint-Martin-Ch\u00e2teau, le 23 f\u00e9vrier 1782, \u00e2g\u00e9 ..<\/p>\n<div class=\"clear-fix\"><\/div>\n<p><a href=\"https:\/\/www.lesmaconsdelacreuse.fr\/annuaires\/lettre-t\/t_57\/\" title=\"Lire la suite...\">Lire la suite<\/a><\/p>\n","protected":false},"author":2,"featured_media":0,"comment_status":"closed","ping_status":"closed","sticky":false,"template":"","format":"standard","meta":{"_acf_changed":false,"_exactmetrics_skip_tracking":false,"_exactmetrics_sitenote_active":false,"_exactmetrics_sitenote_note":"","_exactmetrics_sitenote_category":0,"footnotes":""},"categories":[13],"tags":[],"class_list":["post-12646","post","type-post","status-publish","format-standard","hentry","category-lettre-t"],"acf":[],"_links":{"self":[{"href":"https:\/\/www.lesmaconsdelacreuse.fr\/annuaires\/wp-json\/wp\/v2\/posts\/12646","targetHints":{"allow":["GET"]}}],"collection":[{"href":"https:\/\/www.lesmaconsdelacreuse.fr\/annuaires\/wp-json\/wp\/v2\/posts"}],"about":[{"href":"https:\/\/www.lesmaconsdelacreuse.fr\/annuaires\/wp-json\/wp\/v2\/types\/post"}],"author":[{"embeddable":true,"href":"https:\/\/www.lesmaconsdelacreuse.fr\/annuaires\/wp-json\/wp\/v2\/users\/2"}],"replies":[{"embeddable":true,"href":"https:\/\/www.lesmaconsdelacreuse.fr\/annuaires\/wp-json\/wp\/v2\/comments?post=12646"}],"version-history":[{"count":0,"href":"https:\/\/www.lesmaconsdelacreuse.fr\/annuaires\/wp-json\/wp\/v2\/posts\/12646\/revisions"}],"wp:attachment":[{"href":"https:\/\/www.lesmaconsdelacreuse.fr\/annuaires\/wp-json\/wp\/v2\/media?parent=12646"}],"wp:term":[{"taxonomy":"category","embeddable":true,"href":"https:\/\/www.lesmaconsdelacreuse.fr\/annuaires\/wp-json\/wp\/v2\/categories?post=12646"},{"taxonomy":"post_tag","embeddable":true,"href":"https:\/\/www.lesmaconsdelacreuse.fr\/annuaires\/wp-json\/wp\/v2\/tags?post=12646"}],"curies":[{"name":"wp","href":"https:\/\/api.w.org\/{rel}","templated":true}]}}