{"id":12650,"date":"2019-07-28T16:13:04","date_gmt":"2019-07-28T14:13:04","guid":{"rendered":"http:\/\/lesmaconsdelacreuse.fr\/annuaire\/?p=12650"},"modified":"2022-05-02T09:39:21","modified_gmt":"2022-05-02T07:39:21","slug":"t_65","status":"publish","type":"post","link":"https:\/\/www.lesmaconsdelacreuse.fr\/annuaires\/lettre-t\/t_65\/","title":{"rendered":"TAUTY Baptiste (1848-apr\u00e8s 1870)"},"content":{"rendered":"<p class=\"last-updated\"><strong>Mis \u00e0 jour le :<\/strong> 30\/04\/2026<\/p><h2 style=\"text-align: center;\"><strong>Baptiste TAUTY<\/strong><\/h2>\n<p style=\"text-align: center;\"><strong>1848 \u2013 apr\u00e8s 1870<\/strong><\/p>\n<p style=\"text-align: center;\"><img decoding=\"async\" title=\"\" src=\"https:\/\/lesmaconsdelacreuse.fr\/annuaire\/wp-content\/uploads\/2019\/07\/image1-191.png\" alt=\"\" data-asset-id=\"12649\" data-source-id=\"i.0\" \/><\/p>\n<h4 style=\"text-align: center;\"><span style=\"color: #008000;\"><strong>ma\u00e7on <\/strong>et<strong> ouvrier mar\u00e9chal<\/strong><\/span><\/h4>\n<p>&nbsp;<\/p>\n<p style=\"text-align: center;\">n\u00e9 \u00e0 Haute-Besse (Le Monteil-au-Vicomte)<\/p>\n<p style=\"text-align: center;\">le 13 d\u00e9cembre 1848<\/p>\n<p style=\"text-align: center;\">fils de<\/p>\n<p style=\"text-align: center;\">Fran\u00e7ois TAUTY, tailleur d\u2019habits<\/p>\n<p style=\"text-align: center;\">Marguerite CHARPENTIER, cultivatrice<\/p>\n<p style=\"text-align: center;\"><span style=\"color: #ffffff;\">\u25d9<\/span><\/p>\n<p><strong>En 1868<\/strong><em>, Baptiste est <\/em><span style=\"color: #008000;\"><strong>ma\u00e7on<\/strong><\/span><em>.<\/em><\/p>\n<p><span style=\"color: #008000;\"><strong>Ouvrier mar\u00e9chal<\/strong><\/span><em>, il \u00e9pouse Marie <\/em><strong>RIOBLANC<\/strong><em> le 10 f\u00e9vrier <\/em><strong>1870<\/strong><em> \u00e0 Saint-Yriex-la-Montagne (contrat Vigier \u00e0 Valli\u00e8re).<\/em><\/p>\n<p><em>Ils habitent Saint-Yriex.<\/em><\/p>\n<p>&nbsp;<\/p>\n","protected":false},"excerpt":{"rendered":"<p>Mis \u00e0 jour le : 30\/04\/2026Baptiste TAUTY 1848 \u2013 apr\u00e8s 1870 ma\u00e7on et ouvrier mar\u00e9chal &nbsp; n\u00e9 \u00e0 Haute-Besse (Le Monteil-au-Vicomte) le 13 d\u00e9cembre 1848 fils de Fran\u00e7ois TAUTY, tailleur d\u2019habits Marguerite CHARPENTIER, cultivatrice \u25d9 En 1868, Baptiste est ma\u00e7on. Ouvrier mar\u00e9chal, il \u00e9pouse Marie RIOBLANC le 10 f\u00e9vrier 1870 \u00e0 Saint-Yriex-la-Montagne (contrat Vigier \u00e0 ..<\/p>\n<div class=\"clear-fix\"><\/div>\n<p><a href=\"https:\/\/www.lesmaconsdelacreuse.fr\/annuaires\/lettre-t\/t_65\/\" title=\"Lire la suite...\">Lire la suite<\/a><\/p>\n","protected":false},"author":2,"featured_media":0,"comment_status":"closed","ping_status":"closed","sticky":false,"template":"","format":"standard","meta":{"_acf_changed":false,"_exactmetrics_skip_tracking":false,"_exactmetrics_sitenote_active":false,"_exactmetrics_sitenote_note":"","_exactmetrics_sitenote_category":0,"footnotes":""},"categories":[13],"tags":[],"class_list":["post-12650","post","type-post","status-publish","format-standard","hentry","category-lettre-t"],"acf":[],"_links":{"self":[{"href":"https:\/\/www.lesmaconsdelacreuse.fr\/annuaires\/wp-json\/wp\/v2\/posts\/12650","targetHints":{"allow":["GET"]}}],"collection":[{"href":"https:\/\/www.lesmaconsdelacreuse.fr\/annuaires\/wp-json\/wp\/v2\/posts"}],"about":[{"href":"https:\/\/www.lesmaconsdelacreuse.fr\/annuaires\/wp-json\/wp\/v2\/types\/post"}],"author":[{"embeddable":true,"href":"https:\/\/www.lesmaconsdelacreuse.fr\/annuaires\/wp-json\/wp\/v2\/users\/2"}],"replies":[{"embeddable":true,"href":"https:\/\/www.lesmaconsdelacreuse.fr\/annuaires\/wp-json\/wp\/v2\/comments?post=12650"}],"version-history":[{"count":1,"href":"https:\/\/www.lesmaconsdelacreuse.fr\/annuaires\/wp-json\/wp\/v2\/posts\/12650\/revisions"}],"predecessor-version":[{"id":198560,"href":"https:\/\/www.lesmaconsdelacreuse.fr\/annuaires\/wp-json\/wp\/v2\/posts\/12650\/revisions\/198560"}],"wp:attachment":[{"href":"https:\/\/www.lesmaconsdelacreuse.fr\/annuaires\/wp-json\/wp\/v2\/media?parent=12650"}],"wp:term":[{"taxonomy":"category","embeddable":true,"href":"https:\/\/www.lesmaconsdelacreuse.fr\/annuaires\/wp-json\/wp\/v2\/categories?post=12650"},{"taxonomy":"post_tag","embeddable":true,"href":"https:\/\/www.lesmaconsdelacreuse.fr\/annuaires\/wp-json\/wp\/v2\/tags?post=12650"}],"curies":[{"name":"wp","href":"https:\/\/api.w.org\/{rel}","templated":true}]}}