{"id":12652,"date":"2019-07-28T16:13:04","date_gmt":"2019-07-28T14:13:04","guid":{"rendered":"http:\/\/lesmaconsdelacreuse.fr\/annuaire\/?p=12652"},"modified":"2020-01-20T11:24:09","modified_gmt":"2020-01-20T10:24:09","slug":"t_25","status":"publish","type":"post","link":"https:\/\/www.lesmaconsdelacreuse.fr\/annuaires\/lettre-t\/t_25\/","title":{"rendered":"TARNAT L\u00e9onard (vers 1729-apr\u00e8s 1788)"},"content":{"rendered":"<p class=\"last-updated\"><strong>Mis \u00e0 jour le :<\/strong> 30\/04\/2026<\/p><h2 style=\"text-align: center;\"><strong>L\u00e9onard TARNAT<\/strong><\/h2>\n<p style=\"text-align: center;\"><strong>vers 1729 \u2013 apr\u00e8s 1788<\/strong><\/p>\n<p style=\"text-align: center;\"><img decoding=\"async\" title=\"\" src=\"https:\/\/lesmaconsdelacreuse.fr\/annuaire\/wp-content\/uploads\/2019\/07\/image1-3060.jpg\" alt=\"\" data-asset-id=\"12651\" data-source-id=\"i.0\" \/><\/p>\n<h4 style=\"text-align: center;\"><span style=\"color: #008000;\"><strong>ma\u00e7on <\/strong>et<strong> laboureur<\/strong><\/span><\/h4>\n<p style=\"text-align: center;\">n\u00e9 \u00e0 Masgrangeas (Roy\u00e8re)\u00a0?<\/p>\n<p style=\"text-align: center;\">vers 1729<\/p>\n<p style=\"text-align: center;\"><span style=\"color: #ffffff;\">\u25d9<\/span><\/p>\n<p><em>L\u00e9onard \u00e9pouse Anne <\/em><strong>BIOLETTE<\/strong><em> le 11 f\u00e9vrier <\/em><strong>1744<\/strong><em> \u00e0 Roy\u00e8re.<\/em><\/p>\n<p><em> Ils habitent Masgrangeas o\u00f9 d\u00e9c\u00e8de Anne le 25 octobre <\/em><strong>1753<\/strong><em>, \u00e2g\u00e9e de 25 ans. <\/em><\/p>\n<p><em>L\u00e9onard se remarie le 11 f\u00e9vrier <\/em><strong>1754<\/strong><em> \u00e0 Roy\u00e8re avec Th\u00e9r\u00e8se <\/em><strong>TROUSSAUD<\/strong><em> (contrat Coutisson \u00e0 Roy\u00e8re). Ils habitent aussi Masgrangeas.<\/em><\/p>\n<p><em> Th\u00e9r\u00e8se y d\u00e9c\u00e8de, inhum\u00e9e le 16 novembre <\/em><strong>1783<\/strong><em>, \u00e2g\u00e9e de 54 ans.<\/em><\/p>\n","protected":false},"excerpt":{"rendered":"<p>Mis \u00e0 jour le : 30\/04\/2026L\u00e9onard TARNAT vers 1729 \u2013 apr\u00e8s 1788 ma\u00e7on et laboureur n\u00e9 \u00e0 Masgrangeas (Roy\u00e8re)\u00a0? vers 1729 \u25d9 L\u00e9onard \u00e9pouse Anne BIOLETTE le 11 f\u00e9vrier 1744 \u00e0 Roy\u00e8re. Ils habitent Masgrangeas o\u00f9 d\u00e9c\u00e8de Anne le 25 octobre 1753, \u00e2g\u00e9e de 25 ans. L\u00e9onard se remarie le 11 f\u00e9vrier 1754 \u00e0 Roy\u00e8re ..<\/p>\n<div class=\"clear-fix\"><\/div>\n<p><a href=\"https:\/\/www.lesmaconsdelacreuse.fr\/annuaires\/lettre-t\/t_25\/\" title=\"Lire la suite...\">Lire la suite<\/a><\/p>\n","protected":false},"author":2,"featured_media":0,"comment_status":"closed","ping_status":"closed","sticky":false,"template":"","format":"standard","meta":{"_acf_changed":false,"_exactmetrics_skip_tracking":false,"_exactmetrics_sitenote_active":false,"_exactmetrics_sitenote_note":"","_exactmetrics_sitenote_category":0,"footnotes":""},"categories":[13],"tags":[],"class_list":["post-12652","post","type-post","status-publish","format-standard","hentry","category-lettre-t"],"acf":[],"_links":{"self":[{"href":"https:\/\/www.lesmaconsdelacreuse.fr\/annuaires\/wp-json\/wp\/v2\/posts\/12652","targetHints":{"allow":["GET"]}}],"collection":[{"href":"https:\/\/www.lesmaconsdelacreuse.fr\/annuaires\/wp-json\/wp\/v2\/posts"}],"about":[{"href":"https:\/\/www.lesmaconsdelacreuse.fr\/annuaires\/wp-json\/wp\/v2\/types\/post"}],"author":[{"embeddable":true,"href":"https:\/\/www.lesmaconsdelacreuse.fr\/annuaires\/wp-json\/wp\/v2\/users\/2"}],"replies":[{"embeddable":true,"href":"https:\/\/www.lesmaconsdelacreuse.fr\/annuaires\/wp-json\/wp\/v2\/comments?post=12652"}],"version-history":[{"count":0,"href":"https:\/\/www.lesmaconsdelacreuse.fr\/annuaires\/wp-json\/wp\/v2\/posts\/12652\/revisions"}],"wp:attachment":[{"href":"https:\/\/www.lesmaconsdelacreuse.fr\/annuaires\/wp-json\/wp\/v2\/media?parent=12652"}],"wp:term":[{"taxonomy":"category","embeddable":true,"href":"https:\/\/www.lesmaconsdelacreuse.fr\/annuaires\/wp-json\/wp\/v2\/categories?post=12652"},{"taxonomy":"post_tag","embeddable":true,"href":"https:\/\/www.lesmaconsdelacreuse.fr\/annuaires\/wp-json\/wp\/v2\/tags?post=12652"}],"curies":[{"name":"wp","href":"https:\/\/api.w.org\/{rel}","templated":true}]}}