{"id":12660,"date":"2019-07-28T16:13:03","date_gmt":"2019-07-28T14:13:03","guid":{"rendered":"http:\/\/lesmaconsdelacreuse.fr\/annuaire\/?p=12660"},"modified":"2020-01-20T11:24:11","modified_gmt":"2020-01-20T10:24:11","slug":"t_27","status":"publish","type":"post","link":"https:\/\/www.lesmaconsdelacreuse.fr\/annuaires\/lettre-t\/t_27\/","title":{"rendered":"TARNAT Michel (1814-1834)"},"content":{"rendered":"<p class=\"last-updated\"><strong>Mis \u00e0 jour le :<\/strong> 30\/04\/2026<\/p><h2 style=\"text-align: center;\"><strong>Michel TARNAT<\/strong><\/h2>\n<p style=\"text-align: center;\"><strong>1814 \u2013 1834<\/strong><\/p>\n<h4 style=\"text-align: center;\"><span style=\"color: #008000;\"><strong>ma\u00e7on<\/strong><\/span><\/h4>\n<p style=\"text-align: center;\">n\u00e9 au bourg du Monteil-au-Vicomte<\/p>\n<p style=\"text-align: center;\">le 1er d\u00e9cembre 1814<\/p>\n<p style=\"text-align: center;\">fils de<\/p>\n<p style=\"text-align: center;\">Antoine TARNAT, <span style=\"color: #008000;\"><strong>ma\u00e7on<\/strong><\/span><\/p>\n<p style=\"text-align: center;\">Fran\u00e7oise LANGLADE, cultivatrice<\/p>\n<p style=\"text-align: center;\"><span style=\"color: #ffffff;\">\u25d9<\/span><\/p>\n<p><strong>En 1835<\/strong><em>, Michel travaille dans la <\/em><span style=\"color: #0000ff;\"><strong>Seine<\/strong><\/span><em>, et doit y passer le conseil de r\u00e9vision.<\/em><\/p>\n<p><em> Il travaille \u00e0 <\/em><span style=\"color: #0000ff;\"><strong>Paris (75)<\/strong><\/span><em> et loge 21, rue de la Vannerie, dans le 7e arrondissement.<\/em><\/p>\n<p><em>Le 15 novembre de la m\u00eame ann\u00e9e, il d\u00e9c\u00e8de <\/em><strong>c\u00e9libataire<\/strong><em> \u00e0 Paris 9e, \u00e2g\u00e9 de 19 ans.<\/em><\/p>\n","protected":false},"excerpt":{"rendered":"<p>Mis \u00e0 jour le : 30\/04\/2026Michel TARNAT 1814 \u2013 1834 ma\u00e7on n\u00e9 au bourg du Monteil-au-Vicomte le 1er d\u00e9cembre 1814 fils de Antoine TARNAT, ma\u00e7on Fran\u00e7oise LANGLADE, cultivatrice \u25d9 En 1835, Michel travaille dans la Seine, et doit y passer le conseil de r\u00e9vision. Il travaille \u00e0 Paris (75) et loge 21, rue de la ..<\/p>\n<div class=\"clear-fix\"><\/div>\n<p><a href=\"https:\/\/www.lesmaconsdelacreuse.fr\/annuaires\/lettre-t\/t_27\/\" title=\"Lire la suite...\">Lire la suite<\/a><\/p>\n","protected":false},"author":2,"featured_media":0,"comment_status":"closed","ping_status":"closed","sticky":false,"template":"","format":"standard","meta":{"_acf_changed":false,"_exactmetrics_skip_tracking":false,"_exactmetrics_sitenote_active":false,"_exactmetrics_sitenote_note":"","_exactmetrics_sitenote_category":0,"footnotes":""},"categories":[13],"tags":[],"class_list":["post-12660","post","type-post","status-publish","format-standard","hentry","category-lettre-t"],"acf":[],"_links":{"self":[{"href":"https:\/\/www.lesmaconsdelacreuse.fr\/annuaires\/wp-json\/wp\/v2\/posts\/12660","targetHints":{"allow":["GET"]}}],"collection":[{"href":"https:\/\/www.lesmaconsdelacreuse.fr\/annuaires\/wp-json\/wp\/v2\/posts"}],"about":[{"href":"https:\/\/www.lesmaconsdelacreuse.fr\/annuaires\/wp-json\/wp\/v2\/types\/post"}],"author":[{"embeddable":true,"href":"https:\/\/www.lesmaconsdelacreuse.fr\/annuaires\/wp-json\/wp\/v2\/users\/2"}],"replies":[{"embeddable":true,"href":"https:\/\/www.lesmaconsdelacreuse.fr\/annuaires\/wp-json\/wp\/v2\/comments?post=12660"}],"version-history":[{"count":0,"href":"https:\/\/www.lesmaconsdelacreuse.fr\/annuaires\/wp-json\/wp\/v2\/posts\/12660\/revisions"}],"wp:attachment":[{"href":"https:\/\/www.lesmaconsdelacreuse.fr\/annuaires\/wp-json\/wp\/v2\/media?parent=12660"}],"wp:term":[{"taxonomy":"category","embeddable":true,"href":"https:\/\/www.lesmaconsdelacreuse.fr\/annuaires\/wp-json\/wp\/v2\/categories?post=12660"},{"taxonomy":"post_tag","embeddable":true,"href":"https:\/\/www.lesmaconsdelacreuse.fr\/annuaires\/wp-json\/wp\/v2\/tags?post=12660"}],"curies":[{"name":"wp","href":"https:\/\/api.w.org\/{rel}","templated":true}]}}