{"id":12665,"date":"2019-07-28T16:13:03","date_gmt":"2019-07-28T14:13:03","guid":{"rendered":"http:\/\/lesmaconsdelacreuse.fr\/annuaire\/?p=12665"},"modified":"2020-09-17T17:39:56","modified_gmt":"2020-09-17T15:39:56","slug":"t_41","status":"publish","type":"post","link":"https:\/\/www.lesmaconsdelacreuse.fr\/annuaires\/lettre-t\/t_41\/","title":{"rendered":"TARADOUX Vincent (1865-1925)"},"content":{"rendered":"<p class=\"last-updated\"><strong>Mis \u00e0 jour le :<\/strong> 30\/04\/2026<\/p><h2 style=\"text-align: center;\"><strong>Vincent TARADOUX<\/strong><\/h2>\n<p style=\"text-align: center;\"><strong>1865 \u2013 1925<\/strong><\/p>\n<p style=\"text-align: center;\"><a href=\"https:\/\/www.lesmaconsdelacreuse.fr\/annuaires\/wp-content\/uploads\/2019\/07\/taradoux.jpg\"><img loading=\"lazy\" decoding=\"async\" class=\"alignnone size-full wp-image-178933\" src=\"https:\/\/www.lesmaconsdelacreuse.fr\/annuaires\/wp-content\/uploads\/2019\/07\/taradoux.jpg\" alt=\"\" width=\"285\" height=\"75\" srcset=\"https:\/\/www.lesmaconsdelacreuse.fr\/annuaires\/wp-content\/uploads\/2019\/07\/taradoux.jpg 285w, https:\/\/www.lesmaconsdelacreuse.fr\/annuaires\/wp-content\/uploads\/2019\/07\/taradoux-150x39.jpg 150w\" sizes=\"auto, (max-width: 285px) 100vw, 285px\" \/><\/a><\/p>\n<p>&nbsp;<\/p>\n<p style=\"text-align: center;\">\n<h4 style=\"text-align: center;\"><span style=\"color: #008000;\"><strong>ma\u00e7on<\/strong><\/span><\/h4>\n<p style=\"text-align: center;\">n\u00e9 au bourg de Saint-Pardoux-Lavaud<\/p>\n<p style=\"text-align: center;\">le 29 avril 1865<\/p>\n<p style=\"text-align: center;\">fils de<\/p>\n<p style=\"text-align: center;\">Fran\u00e7ois TARADOUX, <span style=\"color: #008000;\"><strong>ma\u00e7on<\/strong><\/span><\/p>\n<p style=\"text-align: center;\">Marie N\u00c9OLIER, cultivatrice<\/p>\n<p style=\"text-align: center;\"><span style=\"color: #ffffff;\">\u25d9<\/span><\/p>\n<p><strong>En 1894<\/strong><em><strong>,<\/strong> Vincent, <\/em><span style=\"color: #008000;\"><strong>ma\u00e7on<\/strong><\/span><em>, travaille \u00e0 <\/em><span style=\"color: #0000ff;\"><strong>Lyon (69)<\/strong><\/span><em> et loge 15, rue Moncey. <\/em><\/p>\n<p><em>Le 15 novembre de la m\u00eame ann\u00e9e, il \u00e9pouse Augustine Victorine Alexandrine <\/em><strong>BOYER<\/strong><em> \u00e0 Lyon 3e (mari\u00e9s sans contrat). L\u2019\u00e9pouse est couturi\u00e8re, et native de la Dr\u00f4me. <\/em><\/p>\n<p><strong>En 1895<\/strong><em>, le couple habite 69, rue Mazenod\u00a0;<\/em><\/p>\n<p><strong>en 1896<\/strong><em>, 64, rue de la Part-Dieu\u00a0;<\/em><\/p>\n<p><strong>de 1901 \u00e0 1906<\/strong> <em>au moins, 11, rue Dunoir\u00a0;<\/em><\/p>\n<p><strong>en 1916<\/strong><em>, 170, rue Boileau.<\/em><\/p>\n<p><strong>En 1925<\/strong><em>, Vincent, <\/em><span style=\"color: #008000;\"><strong>employ\u00e9<\/strong><\/span><em>, est veuf, et d\u00e9c\u00e8de le 11 septembre de la m\u00eame ann\u00e9e \u00e0 Lyon 2e, \u25ba<a href=\"https:\/\/www.lesmaconsdelacreuse.fr\/annuaires\/\/wp-content\/uploads\/PHOTOS_-_CARTES_POSTALES\/LYON_-_Hopital_de_lHotel-Dieu.jpg\" target=\"_blank\" rel=\"noopener noreferrer\">H\u00f4tel-Dieu<\/a>, \u00e2g\u00e9 de 60 ans. Il habite \u00e0 l\u2019adresse de 1916.<\/em><\/p>\n<p>&nbsp;<\/p>\n","protected":false},"excerpt":{"rendered":"<p>Mis \u00e0 jour le : 30\/04\/2026Vincent TARADOUX 1865 \u2013 1925 &nbsp; ma\u00e7on n\u00e9 au bourg de Saint-Pardoux-Lavaud le 29 avril 1865 fils de Fran\u00e7ois TARADOUX, ma\u00e7on Marie N\u00c9OLIER, cultivatrice \u25d9 En 1894, Vincent, ma\u00e7on, travaille \u00e0 Lyon (69) et loge 15, rue Moncey. Le 15 novembre de la m\u00eame ann\u00e9e, il \u00e9pouse Augustine Victorine Alexandrine ..<\/p>\n<div class=\"clear-fix\"><\/div>\n<p><a href=\"https:\/\/www.lesmaconsdelacreuse.fr\/annuaires\/lettre-t\/t_41\/\" title=\"Lire la suite...\">Lire la suite<\/a><\/p>\n","protected":false},"author":2,"featured_media":0,"comment_status":"closed","ping_status":"closed","sticky":false,"template":"","format":"standard","meta":{"_acf_changed":false,"_exactmetrics_skip_tracking":false,"_exactmetrics_sitenote_active":false,"_exactmetrics_sitenote_note":"","_exactmetrics_sitenote_category":0,"footnotes":""},"categories":[13],"tags":[],"class_list":["post-12665","post","type-post","status-publish","format-standard","hentry","category-lettre-t"],"acf":[],"_links":{"self":[{"href":"https:\/\/www.lesmaconsdelacreuse.fr\/annuaires\/wp-json\/wp\/v2\/posts\/12665","targetHints":{"allow":["GET"]}}],"collection":[{"href":"https:\/\/www.lesmaconsdelacreuse.fr\/annuaires\/wp-json\/wp\/v2\/posts"}],"about":[{"href":"https:\/\/www.lesmaconsdelacreuse.fr\/annuaires\/wp-json\/wp\/v2\/types\/post"}],"author":[{"embeddable":true,"href":"https:\/\/www.lesmaconsdelacreuse.fr\/annuaires\/wp-json\/wp\/v2\/users\/2"}],"replies":[{"embeddable":true,"href":"https:\/\/www.lesmaconsdelacreuse.fr\/annuaires\/wp-json\/wp\/v2\/comments?post=12665"}],"version-history":[{"count":0,"href":"https:\/\/www.lesmaconsdelacreuse.fr\/annuaires\/wp-json\/wp\/v2\/posts\/12665\/revisions"}],"wp:attachment":[{"href":"https:\/\/www.lesmaconsdelacreuse.fr\/annuaires\/wp-json\/wp\/v2\/media?parent=12665"}],"wp:term":[{"taxonomy":"category","embeddable":true,"href":"https:\/\/www.lesmaconsdelacreuse.fr\/annuaires\/wp-json\/wp\/v2\/categories?post=12665"},{"taxonomy":"post_tag","embeddable":true,"href":"https:\/\/www.lesmaconsdelacreuse.fr\/annuaires\/wp-json\/wp\/v2\/tags?post=12665"}],"curies":[{"name":"wp","href":"https:\/\/api.w.org\/{rel}","templated":true}]}}